{"id":845,"date":"2020-04-29T11:31:07","date_gmt":"2020-04-29T09:31:07","guid":{"rendered":"https:\/\/kuken.es\/?p=845"},"modified":"2020-04-29T11:31:07","modified_gmt":"2020-04-29T09:31:07","slug":"batidora-amasadora-de-varillas-kuken-red-400w","status":"publish","type":"post","link":"https:\/\/kuken.es\/pt\/blogue\/2020\/04\/29\/batidora-amasadora-de-varillas-kuken-red-400w\/","title":{"rendered":"Batidora amasadora de varillas k\u00fcken red 400w"},"content":{"rendered":"<div class=\"vc_row wpb_row section vc_row-fluid\">\n<div class=\"full_section_inner clearfix\">\n<div class=\"wpb_column vc_column_container vc_col-sm-12\">\n<div class=\"vc_column-inner\">\n<div class=\"wpb_wrapper\">\n<div class=\"wpb_text_column wpb_content_element\">\n<div class=\"wpb_wrapper\">\n<blockquote>\n<h2 style=\"text-align: center;\"><span style=\"font-size: 18pt;\"><strong>\u00bfQue puedo hacer con una batidora amasadora de varillas?<\/strong><\/span><\/h2>\n<\/blockquote>\n<div class=\"wpb_text_column wpb_content_element\">\n<div class=\"wpb_wrapper\">\n<p align=\"left\"><span style=\"font-size: 12pt; color: #000000;\">Si te gusta hacer reposter\u00eda o bien trabajar masas para recetas, la batidora amasadora de varillas es un buen aliado, se trata de una batidora de mano que te permitir\u00e1 amasar y hacer mezclas.<\/span><\/p>\n<blockquote>\n<h3 align=\"left\"><span style=\"color: #ff0000; font-size: 16pt;\">Las funciones principales de la batidora amasadora de varillas son:<\/span><\/h3>\n<\/blockquote>\n<div class=\"wpb_text_column wpb_content_element\">\n<div class=\"wpb_wrapper\">\n<ul>\n<li><span style=\"color: #000000; font-size: 12pt;\">Podr\u00e1s de forma r\u00e1pida y sencilla, montar merengues, nata y claras.<\/span><\/li>\n<li><span style=\"color: #000000; font-size: 12pt;\">Batir huevos, especialmente en recetas de reposter\u00eda que necesitan un batido profesional.<\/span><\/li>\n<li><span style=\"color: #000000; font-size: 12pt;\">Hacer bizcochos, para hacer toda la mezcla de huevos harina etc.. de otra manera ser\u00eda muy tedioso.<\/span><\/li>\n<li><span style=\"color: #000000; font-size: 12pt;\">Masas de pizza, rosquillas o bien pan, veras que ricas te quedan.<\/span><\/li>\n<\/ul>\n<div class=\"vc_row wpb_row section vc_row-fluid\">\n<div class=\"full_section_inner clearfix\">\n<div class=\"wpb_column vc_column_container vc_col-sm-12\">\n<div class=\"vc_column-inner\">\n<div class=\"wpb_wrapper\">\n<blockquote class=\"\">\n<h3 class=\"blockquote-text\"><span style=\"color: #ff0000; font-size: 16pt;\">\u00bfTe enamora el rojo?<\/span><\/h3>\n<\/blockquote>\n<div class=\"wpb_text_column wpb_content_element\">\n<div class=\"wpb_wrapper\">\n<p align=\"justify\"><span style=\"color: #000000; font-size: 12pt;\">Es una batidora amasadora de varillas roja que cumple con funcionalidad y dise\u00f1o, el rojo le aporta su toque caracter\u00edstico de nuestra gama k\u00fcken Red. Adem\u00e1s del dise\u00f1o, destacamos las siguientes caracter\u00edsticas\u2026<\/span><\/p>\n<ul>\n<li><span style=\"color: #000000; font-size: 12pt;\">Potencia: 400 W.<\/span><\/li>\n<li><span style=\"color: #000000; font-size: 12pt;\">5 niveles de velocidad + funci\u00f3n turbo.<\/span><\/li>\n<li><span style=\"color: #000000; font-size: 12pt;\">Excelente manejo gracias a su dise\u00f1o ergon\u00f3mico.<\/span><\/li>\n<li><span style=\"color: #000000; font-size: 12pt;\">Cuerpo en pc rojo y negro.<\/span><\/li>\n<li><span style=\"color: #000000; font-size: 12pt;\">Pulsador para desmontar los accesorios.<\/span><\/li>\n<li><span style=\"color: #000000; font-size: 12pt;\">2 varas para amassar.<\/span><\/li>\n<li><span style=\"color: #000000; font-size: 12pt;\">2 batedores de varas.<\/span><\/li>\n<li><span style=\"color: #000000; font-size: 12pt;\">Soportes de apoyo en parte posterior de batidora.<\/span><\/li>\n<\/ul>\n<p>&nbsp;<\/p>\n<p><img loading=\"lazy\" decoding=\"async\" class=\"alignnone wp-image-3767\" src=\"https:\/\/kuken.es\/wp-content\/uploads\/2020\/03\/BATIDORA-AMASADORA-250W-RED-KUKEN-2-300x300.jpg\" alt=\"\" width=\"295\" height=\"295\" srcset=\"https:\/\/kuken.es\/wp-content\/uploads\/2020\/03\/BATIDORA-AMASADORA-250W-RED-KUKEN-2-300x300.jpg 300w, https:\/\/kuken.es\/wp-content\/uploads\/2020\/03\/BATIDORA-AMASADORA-250W-RED-KUKEN-2-450x450.jpg 450w, https:\/\/kuken.es\/wp-content\/uploads\/2020\/03\/BATIDORA-AMASADORA-250W-RED-KUKEN-2-600x600.jpg 600w, https:\/\/kuken.es\/wp-content\/uploads\/2020\/03\/BATIDORA-AMASADORA-250W-RED-KUKEN-2-150x150.jpg 150w, https:\/\/kuken.es\/wp-content\/uploads\/2020\/03\/BATIDORA-AMASADORA-250W-RED-KUKEN-2-768x768.jpg 768w, https:\/\/kuken.es\/wp-content\/uploads\/2020\/03\/BATIDORA-AMASADORA-250W-RED-KUKEN-2-146x146.jpg 146w, https:\/\/kuken.es\/wp-content\/uploads\/2020\/03\/BATIDORA-AMASADORA-250W-RED-KUKEN-2-50x50.jpg 50w, https:\/\/kuken.es\/wp-content\/uploads\/2020\/03\/BATIDORA-AMASADORA-250W-RED-KUKEN-2-75x75.jpg 75w, https:\/\/kuken.es\/wp-content\/uploads\/2020\/03\/BATIDORA-AMASADORA-250W-RED-KUKEN-2-85x85.jpg 85w, https:\/\/kuken.es\/wp-content\/uploads\/2020\/03\/BATIDORA-AMASADORA-250W-RED-KUKEN-2-80x80.jpg 80w, https:\/\/kuken.es\/wp-content\/uploads\/2020\/03\/BATIDORA-AMASADORA-250W-RED-KUKEN-2.jpg 853w\" sizes=\"auto, (max-width:767px) 295px, 295px\" \/> <img loading=\"lazy\" decoding=\"async\" class=\"alignnone wp-image-3768\" src=\"https:\/\/kuken.es\/wp-content\/uploads\/2020\/03\/BATIDORA-AMASADORA-250W-RED-KUKEN-3-300x300.jpg\" alt=\"\" width=\"295\" height=\"295\" srcset=\"https:\/\/kuken.es\/wp-content\/uploads\/2020\/03\/BATIDORA-AMASADORA-250W-RED-KUKEN-3-300x300.jpg 300w, https:\/\/kuken.es\/wp-content\/uploads\/2020\/03\/BATIDORA-AMASADORA-250W-RED-KUKEN-3-450x450.jpg 450w, https:\/\/kuken.es\/wp-content\/uploads\/2020\/03\/BATIDORA-AMASADORA-250W-RED-KUKEN-3-600x600.jpg 600w, https:\/\/kuken.es\/wp-content\/uploads\/2020\/03\/BATIDORA-AMASADORA-250W-RED-KUKEN-3-150x150.jpg 150w, https:\/\/kuken.es\/wp-content\/uploads\/2020\/03\/BATIDORA-AMASADORA-250W-RED-KUKEN-3-768x768.jpg 768w, https:\/\/kuken.es\/wp-content\/uploads\/2020\/03\/BATIDORA-AMASADORA-250W-RED-KUKEN-3-146x146.jpg 146w, https:\/\/kuken.es\/wp-content\/uploads\/2020\/03\/BATIDORA-AMASADORA-250W-RED-KUKEN-3-50x50.jpg 50w, https:\/\/kuken.es\/wp-content\/uploads\/2020\/03\/BATIDORA-AMASADORA-250W-RED-KUKEN-3-75x75.jpg 75w, https:\/\/kuken.es\/wp-content\/uploads\/2020\/03\/BATIDORA-AMASADORA-250W-RED-KUKEN-3-85x85.jpg 85w, https:\/\/kuken.es\/wp-content\/uploads\/2020\/03\/BATIDORA-AMASADORA-250W-RED-KUKEN-3-80x80.jpg 80w, https:\/\/kuken.es\/wp-content\/uploads\/2020\/03\/BATIDORA-AMASADORA-250W-RED-KUKEN-3.jpg 853w\" sizes=\"auto, (max-width:767px) 295px, 295px\" \/> <img loading=\"lazy\" decoding=\"async\" class=\"alignnone wp-image-3765\" src=\"https:\/\/kuken.es\/wp-content\/uploads\/2020\/03\/BATIDORA-AMASADORA-250W-RED-KUKEN-300x300.jpg\" alt=\"BATIDORA AMASADORA 250W RED KUKEN\" width=\"295\" height=\"295\" srcset=\"https:\/\/kuken.es\/wp-content\/uploads\/2020\/03\/BATIDORA-AMASADORA-250W-RED-KUKEN-300x300.jpg 300w, https:\/\/kuken.es\/wp-content\/uploads\/2020\/03\/BATIDORA-AMASADORA-250W-RED-KUKEN-450x450.jpg 450w, https:\/\/kuken.es\/wp-content\/uploads\/2020\/03\/BATIDORA-AMASADORA-250W-RED-KUKEN-600x600.jpg 600w, https:\/\/kuken.es\/wp-content\/uploads\/2020\/03\/BATIDORA-AMASADORA-250W-RED-KUKEN-150x150.jpg 150w, https:\/\/kuken.es\/wp-content\/uploads\/2020\/03\/BATIDORA-AMASADORA-250W-RED-KUKEN-768x768.jpg 768w, https:\/\/kuken.es\/wp-content\/uploads\/2020\/03\/BATIDORA-AMASADORA-250W-RED-KUKEN-146x146.jpg 146w, https:\/\/kuken.es\/wp-content\/uploads\/2020\/03\/BATIDORA-AMASADORA-250W-RED-KUKEN-50x50.jpg 50w, https:\/\/kuken.es\/wp-content\/uploads\/2020\/03\/BATIDORA-AMASADORA-250W-RED-KUKEN-75x75.jpg 75w, https:\/\/kuken.es\/wp-content\/uploads\/2020\/03\/BATIDORA-AMASADORA-250W-RED-KUKEN-85x85.jpg 85w, https:\/\/kuken.es\/wp-content\/uploads\/2020\/03\/BATIDORA-AMASADORA-250W-RED-KUKEN-80x80.jpg 80w, https:\/\/kuken.es\/wp-content\/uploads\/2020\/03\/BATIDORA-AMASADORA-250W-RED-KUKEN.jpg 853w\" sizes=\"auto, (max-width:767px) 295px, 295px\" \/> <img loading=\"lazy\" decoding=\"async\" class=\"alignnone wp-image-3766\" src=\"https:\/\/kuken.es\/wp-content\/uploads\/2020\/03\/BATIDORA-AMASADORA-250W-RED-KUKEN-1-300x300.jpg\" alt=\"\" width=\"295\" height=\"295\" srcset=\"https:\/\/kuken.es\/wp-content\/uploads\/2020\/03\/BATIDORA-AMASADORA-250W-RED-KUKEN-1-300x300.jpg 300w, https:\/\/kuken.es\/wp-content\/uploads\/2020\/03\/BATIDORA-AMASADORA-250W-RED-KUKEN-1-450x450.jpg 450w, https:\/\/kuken.es\/wp-content\/uploads\/2020\/03\/BATIDORA-AMASADORA-250W-RED-KUKEN-1-600x600.jpg 600w, https:\/\/kuken.es\/wp-content\/uploads\/2020\/03\/BATIDORA-AMASADORA-250W-RED-KUKEN-1-150x150.jpg 150w, https:\/\/kuken.es\/wp-content\/uploads\/2020\/03\/BATIDORA-AMASADORA-250W-RED-KUKEN-1-768x768.jpg 768w, https:\/\/kuken.es\/wp-content\/uploads\/2020\/03\/BATIDORA-AMASADORA-250W-RED-KUKEN-1-146x146.jpg 146w, https:\/\/kuken.es\/wp-content\/uploads\/2020\/03\/BATIDORA-AMASADORA-250W-RED-KUKEN-1-50x50.jpg 50w, https:\/\/kuken.es\/wp-content\/uploads\/2020\/03\/BATIDORA-AMASADORA-250W-RED-KUKEN-1-75x75.jpg 75w, https:\/\/kuken.es\/wp-content\/uploads\/2020\/03\/BATIDORA-AMASADORA-250W-RED-KUKEN-1-85x85.jpg 85w, https:\/\/kuken.es\/wp-content\/uploads\/2020\/03\/BATIDORA-AMASADORA-250W-RED-KUKEN-1-80x80.jpg 80w, https:\/\/kuken.es\/wp-content\/uploads\/2020\/03\/BATIDORA-AMASADORA-250W-RED-KUKEN-1.jpg 853w\" sizes=\"auto, (max-width:767px) 295px, 295px\" \/><\/p>\n<\/div>\n<blockquote>\n<h3 class=\"vc_empty_space\"><span style=\"font-size: 16pt; color: #ff0000;\">Finalmente, unos K\u00fcken consejos<\/span><\/h3>\n<\/blockquote>\n<div class=\"wpb_text_column wpb_content_element\">\n<div class=\"wpb_wrapper\">\n<p><span style=\"color: #000000; font-size: 12pt;\">Seg\u00fan el tipo de receta las velocidades de la batidora amasadora te permitir\u00e1n conseguir un resultado m\u00e1s \u00f3ptimo de la mezcla, tambi\u00e9n al incorporar dos tipos de varillas: la <b>varilla tipo c\u00f3nica<\/b>; ayuda a conseguir una textura m\u00e1s esponjosa y la\u00a0<b>varilla tipo gancho<\/b>; te facilitar\u00e1 hacer las masas para pizzas o bien para pan.<\/span><\/p>\n<div class=\"vc_row wpb_row section vc_row-fluid\">\n<div class=\"full_section_inner clearfix\">\n<div class=\"wpb_column vc_column_container vc_col-sm-12\">\n<div class=\"vc_column-inner\">\n<div class=\"wpb_wrapper\">\n<blockquote class=\"\">\n<h3 class=\"blockquote-text\"><span style=\"color: #ff0000; font-size: 16pt;\">k\u00fcken recetas<\/span><\/h3>\n<\/blockquote>\n<blockquote class=\"\">\n<h5 class=\"blockquote-text\"><strong><span style=\"font-size: 14pt; color: #000000;\">Masa de pizza<\/span><\/strong><\/h5>\n<\/blockquote>\n<div class=\"wpb_text_column wpb_content_element\">\n<div class=\"wpb_wrapper\">\n<blockquote>\n<p align=\"left\"><span style=\"font-size: 12pt; color: #000000;\">Ingredientes:<\/span><\/p>\n<p align=\"left\"><span style=\"font-size: 12pt; color: #000000;\">Ingredientes para 500 gramos de masa (para 2 pizzas de 24 cm)<\/span><\/p>\n<ul>\n<li><span style=\"font-size: 12pt; color: #000000;\">250 g de harina<\/span><\/li>\n<li><span style=\"font-size: 12pt; color: #000000;\">1 cuchara de aceite de oliva virgen extra<\/span><\/li>\n<li><span style=\"font-size: 12pt; color: #000000;\">10 g de levadura fresca<\/span><\/li>\n<li><span style=\"font-size: 12pt; color: #000000;\">\u00bd cucharadita de sal<\/span><\/li>\n<li><span style=\"font-size: 12pt; color: #000000;\">170 ml de agua tibia<\/span><\/li>\n<\/ul>\n<\/blockquote>\n<\/div>\n<\/div>\n<blockquote>\n<div class=\"vc_empty_space\"><\/div>\n<div class=\"wpb_text_column wpb_content_element\">\n<div class=\"wpb_wrapper\">\n<p align=\"left\"><span style=\"font-size: 12pt; color: #000000;\">Elaboraci\u00f3n<strong>:<\/strong><\/span><\/p>\n<ul>\n<li><span style=\"font-size: 12pt; color: #000000;\">En primer lugar, cogemos un bol y se colocan todos los ingredientes.<\/span><\/li>\n<li><span style=\"font-size: 12pt; color: #000000;\">Empezamos a batir con la varilla gancho especial para amasar, durante 5 minutos a velocidad m\u00ednima.<\/span><\/li>\n<li><span style=\"font-size: 12pt; color: #000000;\">Cuando la masa empieza a tener cierta consistencia, debemos aumentar la velocidad al m\u00e1ximo durante 3 minutos hasta obtener una textura suave.<\/span><\/li>\n<li><span style=\"font-size: 12pt; color: #000000;\">Cubrir la masa con un pa\u00f1o de cocina durante 1 hora para que crezca.<\/span><\/li>\n<li><span style=\"font-size: 12pt; color: #000000;\">Una vez transcurrido el tiempo, extender la masa y a\u00f1adir los ingredientes de la pizza.<\/span><\/li>\n<li><span style=\"font-size: 12pt; color: #000000;\">Finalmente, precalentamos el horno durante 10 minutos a 200\u00baC y hornear la pizza durante 20 minutos.<\/span><\/li>\n<\/ul>\n<\/div>\n<\/div>\n<div class=\"vc_empty_space\"><\/div>\n<\/blockquote>\n<\/div>\n<\/div>\n<\/div>\n<\/div>\n<\/div>\n<div class=\"vc_row wpb_row section vc_row-fluid\">\n<div class=\"full_section_inner clearfix\">\n<div class=\"wpb_column vc_column_container vc_col-sm-12\">\n<div class=\"vc_column-inner\">\n<div class=\"wpb_wrapper\">\n<blockquote class=\"\"><p><strong><span style=\"font-size: 14pt; color: #000000;\">Claras a punto de nieve<\/span><\/strong><\/p><\/blockquote>\n<div class=\"wpb_text_column wpb_content_element\">\n<div class=\"wpb_wrapper\">\n<blockquote>\n<ul>\n<li><span style=\"font-size: 12pt; color: #000000;\">Separar las claras de las yemas (mejor si los huevos est\u00e1n fr\u00edos, para que sea m\u00e1s f\u00e1cil).<\/span><\/li>\n<li><span style=\"font-size: 12pt; color: #000000;\">Dejar reposar las claras hasta que est\u00e9n a temperatura ambiente.<\/span><\/li>\n<li><span style=\"font-size: 12pt; color: #000000;\">Empezar a batir con las varillas c\u00f3nicas especiales para este uso. Batir a velocidad baja o media, para empezar a espumar las claras.<\/span><\/li>\n<li><span style=\"font-size: 12pt; color: #000000;\">Si queremos conseguir una textura merengue, aumentar la velocidad.<\/span><\/li>\n<\/ul>\n<\/blockquote>\n<\/div>\n<\/div>\n<blockquote>\n<div class=\"vc_empty_space\" style=\"padding-left: 40px;\"><\/div>\n<\/blockquote>\n<\/div>\n<\/div>\n<\/div>\n<\/div>\n<\/div>\n<div class=\"vc_row wpb_row section vc_row-fluid\">\n<div class=\"full_section_inner clearfix\">\n<div class=\"wpb_column vc_column_container vc_col-sm-12\">\n<div class=\"vc_column-inner\">\n<div class=\"wpb_wrapper\">\n<blockquote class=\"\">\n<h3 class=\"blockquote-text\"><span style=\"color: #ff0000; font-size: 16pt;\">M\u00e1s opciones de batidoras amasadora de varillas para reposter\u00eda&#8230;<\/span><\/h3>\n<\/blockquote>\n<div class=\"wpb_text_column wpb_content_element\">\n<div class=\"wpb_wrapper\">\n<blockquote>\n<div class=\"wpb_text_column wpb_content_element\">\n<div class=\"wpb_wrapper\">\n<p><span style=\"color: #3366ff; font-size: 12pt;\"><a style=\"color: #3366ff;\" href=\"https:\/\/kuken.es\/pt\/batidora-33900\/\">https:\/\/kuken.es\/batidora-33900\/<\/a><\/span><\/p>\n<div class=\"wpb_text_column wpb_content_element\">\n<div class=\"wpb_wrapper\">\n<p><span style=\"font-size: 12pt; color: #3366ff;\"><a style=\"color: #3366ff;\" href=\"https:\/\/kuken.es\/pt\/batidora-34034\/\">https:\/\/kuken.es\/batidora-34008\/<\/a><\/span><\/p>\n<h3 class=\"blockquote-text\"><span style=\"color: #ff0000;\"><em><span style=\"font-size: 18pt;\">Disponible en tu ferreter\u00eda m\u00e1s cercana y en tiendas de peque\u00f1o electrodom\u00e9stico.<\/span><\/em><\/span><\/h3>\n<\/div>\n<\/div>\n<\/div>\n<\/div>\n<\/blockquote>\n<div class=\"vc_row wpb_row section vc_row-fluid\">\n<div class=\"full_section_inner clearfix\">\n<div class=\"wpb_column vc_column_container vc_col-sm-12\">\n<div class=\"vc_column-inner\">\n<div class=\"wpb_wrapper\"><\/div>\n<\/div>\n<\/div>\n<\/div>\n<\/div>\n<div class=\"vc_row wpb_row section vc_row-fluid\">\n<div class=\"full_section_inner clearfix\">\n<div class=\"wpb_column vc_column_container vc_col-sm-12\">\n<div class=\"vc_column-inner\">\n<div class=\"wpb_wrapper\">\n<blockquote>\n<div class=\"vc_empty_space\" style=\"padding-left: 40px;\"><\/div>\n<\/blockquote>\n<\/div>\n<\/div>\n<\/div>\n<\/div>\n<\/div>\n<\/div>\n<\/div>\n<\/div>\n<\/div>\n<\/div>\n<\/div>\n<\/div>\n<\/div>\n<\/div>\n<\/div>\n<\/div>\n<\/div>\n<\/div>\n<\/div>\n<\/div>\n<\/div>\n<\/div>\n<\/div>\n<\/div>\n<\/div>\n<\/div>\n<\/div>\n<\/div>\n<\/div>\n<\/div>\n<\/div>","protected":false},"excerpt":{"rendered":"<p>\u00bfQue puedo hacer con una batidora amasadora de varillas? Si te gusta hacer reposter\u00eda o bien trabajar masas para recetas, la batidora amasadora de varillas es<span class=\"excerpt-hellip\"> [...]<\/span><\/p>","protected":false},"author":4,"featured_media":4508,"comment_status":"open","ping_status":"open","sticky":false,"template":"","format":"standard","meta":{"footnotes":""},"categories":[1],"tags":[],"class_list":["post-845","post","type-post","status-publish","format-standard","has-post-thumbnail","hentry","category-uncategorized"],"yoast_head":"<!-- This site is optimized with the Yoast SEO Premium plugin v24.0 (Yoast SEO v26.5) - https:\/\/yoast.com\/wordpress\/plugins\/seo\/ -->\n<title>Batidora amasadora de varillas k\u00fcken red 400w - K\u00fcken<\/title>\n<meta name=\"description\" content=\"La batidora amasadora de varillas, cumple en funcionalidad y dise\u00f1o, el rojo le aporta el toque de nuestra gama k\u00fcken Red. M\u00e1s informaci\u00f3n en nuestro blog.\" \/>\n<meta name=\"robots\" content=\"index, follow, max-snippet:-1, max-image-preview:large, max-video-preview:-1\" \/>\n<link rel=\"canonical\" href=\"https:\/\/kuken.es\/pt\/blogue\/2020\/04\/29\/batidora-amasadora-de-varillas-kuken-red-400w\/\" \/>\n<meta property=\"og:locale\" content=\"pt_PT\" \/>\n<meta property=\"og:type\" content=\"article\" \/>\n<meta property=\"og:title\" content=\"Batidora amasadora de varillas k\u00fcken red 400w\" \/>\n<meta property=\"og:description\" content=\"La batidora amasadora de varillas, cumple en funcionalidad y dise\u00f1o, el rojo le aporta el toque de nuestra gama k\u00fcken Red. M\u00e1s informaci\u00f3n en nuestro blog.\" \/>\n<meta property=\"og:url\" content=\"https:\/\/kuken.es\/pt\/blogue\/2020\/04\/29\/batidora-amasadora-de-varillas-kuken-red-400w\/\" \/>\n<meta property=\"og:site_name\" content=\"K\u00fcken\" \/>\n<meta property=\"article:publisher\" content=\"https:\/\/es-es.facebook.com\/alfadyser\/\" \/>\n<meta property=\"article:published_time\" content=\"2020-04-29T09:31:07+00:00\" \/>\n<meta property=\"og:image\" content=\"https:\/\/kuken.es\/wp-content\/uploads\/2020\/03\/shutterstock_443933035.jpg\" \/>\n\t<meta property=\"og:image:width\" content=\"2011\" \/>\n\t<meta property=\"og:image:height\" content=\"2000\" \/>\n\t<meta property=\"og:image:type\" content=\"image\/jpeg\" \/>\n<meta name=\"author\" content=\"Alfa Dyser\" \/>\n<meta name=\"twitter:card\" content=\"summary_large_image\" \/>\n<meta name=\"twitter:label1\" content=\"Escrito por\" \/>\n\t<meta name=\"twitter:data1\" content=\"Alfa Dyser\" \/>\n\t<meta name=\"twitter:label2\" content=\"Tempo estimado de leitura\" \/>\n\t<meta name=\"twitter:data2\" content=\"2 minutos\" \/>\n<script type=\"application\/ld+json\" class=\"yoast-schema-graph\">{\"@context\":\"https:\/\/schema.org\",\"@graph\":[{\"@type\":\"Article\",\"@id\":\"https:\/\/kuken.es\/blog\/2020\/04\/29\/batidora-amasadora-de-varillas-kuken-red-400w\/#article\",\"isPartOf\":{\"@id\":\"https:\/\/kuken.es\/blog\/2020\/04\/29\/batidora-amasadora-de-varillas-kuken-red-400w\/\"},\"author\":{\"name\":\"Alfa Dyser\",\"@id\":\"https:\/\/kuken.es\/#\/schema\/person\/eff2331e8b66b14cf263fbffae5a0358\"},\"headline\":\"Batidora amasadora de varillas k\u00fcken red 400w\",\"datePublished\":\"2020-04-29T09:31:07+00:00\",\"mainEntityOfPage\":{\"@id\":\"https:\/\/kuken.es\/blog\/2020\/04\/29\/batidora-amasadora-de-varillas-kuken-red-400w\/\"},\"wordCount\":505,\"commentCount\":0,\"publisher\":{\"@id\":\"https:\/\/kuken.es\/#organization\"},\"image\":{\"@id\":\"https:\/\/kuken.es\/blog\/2020\/04\/29\/batidora-amasadora-de-varillas-kuken-red-400w\/#primaryimage\"},\"thumbnailUrl\":\"https:\/\/kuken.es\/wp-content\/uploads\/2020\/03\/shutterstock_443933035.jpg\",\"articleSection\":[\"Uncategorized\"],\"inLanguage\":\"pt-PT\",\"potentialAction\":[{\"@type\":\"CommentAction\",\"name\":\"Comment\",\"target\":[\"https:\/\/kuken.es\/blog\/2020\/04\/29\/batidora-amasadora-de-varillas-kuken-red-400w\/#respond\"]}]},{\"@type\":\"WebPage\",\"@id\":\"https:\/\/kuken.es\/blog\/2020\/04\/29\/batidora-amasadora-de-varillas-kuken-red-400w\/\",\"url\":\"https:\/\/kuken.es\/blog\/2020\/04\/29\/batidora-amasadora-de-varillas-kuken-red-400w\/\",\"name\":\"Batidora amasadora de varillas k\u00fcken red 400w - K\u00fcken\",\"isPartOf\":{\"@id\":\"https:\/\/kuken.es\/#website\"},\"primaryImageOfPage\":{\"@id\":\"https:\/\/kuken.es\/blog\/2020\/04\/29\/batidora-amasadora-de-varillas-kuken-red-400w\/#primaryimage\"},\"image\":{\"@id\":\"https:\/\/kuken.es\/blog\/2020\/04\/29\/batidora-amasadora-de-varillas-kuken-red-400w\/#primaryimage\"},\"thumbnailUrl\":\"https:\/\/kuken.es\/wp-content\/uploads\/2020\/03\/shutterstock_443933035.jpg\",\"datePublished\":\"2020-04-29T09:31:07+00:00\",\"description\":\"La batidora amasadora de varillas, cumple en funcionalidad y dise\u00f1o, el rojo le aporta el toque de nuestra gama k\u00fcken Red. M\u00e1s informaci\u00f3n en nuestro blog.\",\"breadcrumb\":{\"@id\":\"https:\/\/kuken.es\/blog\/2020\/04\/29\/batidora-amasadora-de-varillas-kuken-red-400w\/#breadcrumb\"},\"inLanguage\":\"pt-PT\",\"potentialAction\":[{\"@type\":\"ReadAction\",\"target\":[\"https:\/\/kuken.es\/blog\/2020\/04\/29\/batidora-amasadora-de-varillas-kuken-red-400w\/\"]}]},{\"@type\":\"ImageObject\",\"inLanguage\":\"pt-PT\",\"@id\":\"https:\/\/kuken.es\/blog\/2020\/04\/29\/batidora-amasadora-de-varillas-kuken-red-400w\/#primaryimage\",\"url\":\"https:\/\/kuken.es\/wp-content\/uploads\/2020\/03\/shutterstock_443933035.jpg\",\"contentUrl\":\"https:\/\/kuken.es\/wp-content\/uploads\/2020\/03\/shutterstock_443933035.jpg\",\"width\":2011,\"height\":2000},{\"@type\":\"BreadcrumbList\",\"@id\":\"https:\/\/kuken.es\/blog\/2020\/04\/29\/batidora-amasadora-de-varillas-kuken-red-400w\/#breadcrumb\",\"itemListElement\":[{\"@type\":\"ListItem\",\"position\":1,\"name\":\"Portada\",\"item\":\"https:\/\/kuken.es\/\"},{\"@type\":\"ListItem\",\"position\":2,\"name\":\"Batidora amasadora de varillas k\u00fcken red 400w\"}]},{\"@type\":\"WebSite\",\"@id\":\"https:\/\/kuken.es\/#website\",\"url\":\"https:\/\/kuken.es\/\",\"name\":\"K\u00fcken\",\"description\":\"Amplia gama de peque\u00f1o electrodom\u00e9stico k\u00fcken\",\"publisher\":{\"@id\":\"https:\/\/kuken.es\/#organization\"},\"potentialAction\":[{\"@type\":\"SearchAction\",\"target\":{\"@type\":\"EntryPoint\",\"urlTemplate\":\"https:\/\/kuken.es\/?s={search_term_string}\"},\"query-input\":{\"@type\":\"PropertyValueSpecification\",\"valueRequired\":true,\"valueName\":\"search_term_string\"}}],\"inLanguage\":\"pt-PT\"},{\"@type\":\"Organization\",\"@id\":\"https:\/\/kuken.es\/#organization\",\"name\":\"Alfa Dyser\",\"url\":\"https:\/\/kuken.es\/\",\"logo\":{\"@type\":\"ImageObject\",\"inLanguage\":\"pt-PT\",\"@id\":\"https:\/\/kuken.es\/#\/schema\/logo\/image\/\",\"url\":\"https:\/\/kuken.es\/wp-content\/uploads\/2019\/04\/kuken-logo.png\",\"contentUrl\":\"https:\/\/kuken.es\/wp-content\/uploads\/2019\/04\/kuken-logo.png\",\"width\":500,\"height\":191,\"caption\":\"Alfa Dyser\"},\"image\":{\"@id\":\"https:\/\/kuken.es\/#\/schema\/logo\/image\/\"},\"sameAs\":[\"https:\/\/es-es.facebook.com\/alfadyser\/\",\"https:\/\/www.instagram.com\/kuken_appliances\/\"]},{\"@type\":\"Person\",\"@id\":\"https:\/\/kuken.es\/#\/schema\/person\/eff2331e8b66b14cf263fbffae5a0358\",\"name\":\"Alfa Dyser\",\"image\":{\"@type\":\"ImageObject\",\"inLanguage\":\"pt-PT\",\"@id\":\"https:\/\/kuken.es\/#\/schema\/person\/image\/\",\"url\":\"https:\/\/secure.gravatar.com\/avatar\/8c9a2fbb059cc143a6cc9e1f366820a820fce0d0ad854661740e2ddff3bec5a9?s=96&d=mm&r=g\",\"contentUrl\":\"https:\/\/secure.gravatar.com\/avatar\/8c9a2fbb059cc143a6cc9e1f366820a820fce0d0ad854661740e2ddff3bec5a9?s=96&d=mm&r=g\",\"caption\":\"Alfa Dyser\"},\"url\":\"https:\/\/kuken.es\/pt\/blog\/author\/alfa\/\"}]}<\/script>\n<!-- \/ Yoast SEO Premium plugin. -->","yoast_head_json":{"title":"Batidora amasadora de varillas k\u00fcken red 400w - K\u00fcken","description":"La batidora amasadora de varillas, cumple en funcionalidad y dise\u00f1o, el rojo le aporta el toque de nuestra gama k\u00fcken Red. M\u00e1s informaci\u00f3n en nuestro blog.","robots":{"index":"index","follow":"follow","max-snippet":"max-snippet:-1","max-image-preview":"max-image-preview:large","max-video-preview":"max-video-preview:-1"},"canonical":"https:\/\/kuken.es\/pt\/blogue\/2020\/04\/29\/batidora-amasadora-de-varillas-kuken-red-400w\/","og_locale":"pt_PT","og_type":"article","og_title":"Batidora amasadora de varillas k\u00fcken red 400w","og_description":"La batidora amasadora de varillas, cumple en funcionalidad y dise\u00f1o, el rojo le aporta el toque de nuestra gama k\u00fcken Red. M\u00e1s informaci\u00f3n en nuestro blog.","og_url":"https:\/\/kuken.es\/pt\/blogue\/2020\/04\/29\/batidora-amasadora-de-varillas-kuken-red-400w\/","og_site_name":"K\u00fcken","article_publisher":"https:\/\/es-es.facebook.com\/alfadyser\/","article_published_time":"2020-04-29T09:31:07+00:00","og_image":[{"width":2011,"height":2000,"url":"https:\/\/kuken.es\/wp-content\/uploads\/2020\/03\/shutterstock_443933035.jpg","type":"image\/jpeg"}],"author":"Alfa Dyser","twitter_card":"summary_large_image","twitter_misc":{"Escrito por":"Alfa Dyser","Tempo estimado de leitura":"2 minutos"},"schema":{"@context":"https:\/\/schema.org","@graph":[{"@type":"Article","@id":"https:\/\/kuken.es\/blog\/2020\/04\/29\/batidora-amasadora-de-varillas-kuken-red-400w\/#article","isPartOf":{"@id":"https:\/\/kuken.es\/blog\/2020\/04\/29\/batidora-amasadora-de-varillas-kuken-red-400w\/"},"author":{"name":"Alfa Dyser","@id":"https:\/\/kuken.es\/#\/schema\/person\/eff2331e8b66b14cf263fbffae5a0358"},"headline":"Batidora amasadora de varillas k\u00fcken red 400w","datePublished":"2020-04-29T09:31:07+00:00","mainEntityOfPage":{"@id":"https:\/\/kuken.es\/blog\/2020\/04\/29\/batidora-amasadora-de-varillas-kuken-red-400w\/"},"wordCount":505,"commentCount":0,"publisher":{"@id":"https:\/\/kuken.es\/#organization"},"image":{"@id":"https:\/\/kuken.es\/blog\/2020\/04\/29\/batidora-amasadora-de-varillas-kuken-red-400w\/#primaryimage"},"thumbnailUrl":"https:\/\/kuken.es\/wp-content\/uploads\/2020\/03\/shutterstock_443933035.jpg","articleSection":["Uncategorized"],"inLanguage":"pt-PT","potentialAction":[{"@type":"CommentAction","name":"Comment","target":["https:\/\/kuken.es\/blog\/2020\/04\/29\/batidora-amasadora-de-varillas-kuken-red-400w\/#respond"]}]},{"@type":"WebPage","@id":"https:\/\/kuken.es\/blog\/2020\/04\/29\/batidora-amasadora-de-varillas-kuken-red-400w\/","url":"https:\/\/kuken.es\/blog\/2020\/04\/29\/batidora-amasadora-de-varillas-kuken-red-400w\/","name":"Batidora amasadora de varillas k\u00fcken red 400w - K\u00fcken","isPartOf":{"@id":"https:\/\/kuken.es\/#website"},"primaryImageOfPage":{"@id":"https:\/\/kuken.es\/blog\/2020\/04\/29\/batidora-amasadora-de-varillas-kuken-red-400w\/#primaryimage"},"image":{"@id":"https:\/\/kuken.es\/blog\/2020\/04\/29\/batidora-amasadora-de-varillas-kuken-red-400w\/#primaryimage"},"thumbnailUrl":"https:\/\/kuken.es\/wp-content\/uploads\/2020\/03\/shutterstock_443933035.jpg","datePublished":"2020-04-29T09:31:07+00:00","description":"La batidora amasadora de varillas, cumple en funcionalidad y dise\u00f1o, el rojo le aporta el toque de nuestra gama k\u00fcken Red. M\u00e1s informaci\u00f3n en nuestro blog.","breadcrumb":{"@id":"https:\/\/kuken.es\/blog\/2020\/04\/29\/batidora-amasadora-de-varillas-kuken-red-400w\/#breadcrumb"},"inLanguage":"pt-PT","potentialAction":[{"@type":"ReadAction","target":["https:\/\/kuken.es\/blog\/2020\/04\/29\/batidora-amasadora-de-varillas-kuken-red-400w\/"]}]},{"@type":"ImageObject","inLanguage":"pt-PT","@id":"https:\/\/kuken.es\/blog\/2020\/04\/29\/batidora-amasadora-de-varillas-kuken-red-400w\/#primaryimage","url":"https:\/\/kuken.es\/wp-content\/uploads\/2020\/03\/shutterstock_443933035.jpg","contentUrl":"https:\/\/kuken.es\/wp-content\/uploads\/2020\/03\/shutterstock_443933035.jpg","width":2011,"height":2000},{"@type":"BreadcrumbList","@id":"https:\/\/kuken.es\/blog\/2020\/04\/29\/batidora-amasadora-de-varillas-kuken-red-400w\/#breadcrumb","itemListElement":[{"@type":"ListItem","position":1,"name":"Portada","item":"https:\/\/kuken.es\/"},{"@type":"ListItem","position":2,"name":"Batidora amasadora de varillas k\u00fcken red 400w"}]},{"@type":"WebSite","@id":"https:\/\/kuken.es\/#website","url":"https:\/\/kuken.es\/","name":"K\u00fcken","description":"Vasta gama de pequenos electrodom\u00e9sticos k\u00fcken","publisher":{"@id":"https:\/\/kuken.es\/#organization"},"potentialAction":[{"@type":"SearchAction","target":{"@type":"EntryPoint","urlTemplate":"https:\/\/kuken.es\/?s={search_term_string}"},"query-input":{"@type":"PropertyValueSpecification","valueRequired":true,"valueName":"search_term_string"}}],"inLanguage":"pt-PT"},{"@type":"Organization","@id":"https:\/\/kuken.es\/#organization","name":"Alpha Dyser","url":"https:\/\/kuken.es\/","logo":{"@type":"ImageObject","inLanguage":"pt-PT","@id":"https:\/\/kuken.es\/#\/schema\/logo\/image\/","url":"https:\/\/kuken.es\/wp-content\/uploads\/2019\/04\/kuken-logo.png","contentUrl":"https:\/\/kuken.es\/wp-content\/uploads\/2019\/04\/kuken-logo.png","width":500,"height":191,"caption":"Alfa Dyser"},"image":{"@id":"https:\/\/kuken.es\/#\/schema\/logo\/image\/"},"sameAs":["https:\/\/es-es.facebook.com\/alfadyser\/","https:\/\/www.instagram.com\/kuken_appliances\/"]},{"@type":"Person","@id":"https:\/\/kuken.es\/#\/schema\/person\/eff2331e8b66b14cf263fbffae5a0358","name":"Alpha Dyser","image":{"@type":"ImageObject","inLanguage":"pt-PT","@id":"https:\/\/kuken.es\/#\/schema\/person\/image\/","url":"https:\/\/secure.gravatar.com\/avatar\/8c9a2fbb059cc143a6cc9e1f366820a820fce0d0ad854661740e2ddff3bec5a9?s=96&d=mm&r=g","contentUrl":"https:\/\/secure.gravatar.com\/avatar\/8c9a2fbb059cc143a6cc9e1f366820a820fce0d0ad854661740e2ddff3bec5a9?s=96&d=mm&r=g","caption":"Alfa Dyser"},"url":"https:\/\/kuken.es\/pt\/blog\/author\/alfa\/"}]}},"_links":{"self":[{"href":"https:\/\/kuken.es\/pt\/wp-json\/wp\/v2\/posts\/845","targetHints":{"allow":["GET"]}}],"collection":[{"href":"https:\/\/kuken.es\/pt\/wp-json\/wp\/v2\/posts"}],"about":[{"href":"https:\/\/kuken.es\/pt\/wp-json\/wp\/v2\/types\/post"}],"author":[{"embeddable":true,"href":"https:\/\/kuken.es\/pt\/wp-json\/wp\/v2\/users\/4"}],"replies":[{"embeddable":true,"href":"https:\/\/kuken.es\/pt\/wp-json\/wp\/v2\/comments?post=845"}],"version-history":[{"count":0,"href":"https:\/\/kuken.es\/pt\/wp-json\/wp\/v2\/posts\/845\/revisions"}],"wp:featuredmedia":[{"embeddable":true,"href":"https:\/\/kuken.es\/pt\/wp-json\/wp\/v2\/media\/4508"}],"wp:attachment":[{"href":"https:\/\/kuken.es\/pt\/wp-json\/wp\/v2\/media?parent=845"}],"wp:term":[{"taxonomy":"category","embeddable":true,"href":"https:\/\/kuken.es\/pt\/wp-json\/wp\/v2\/categories?post=845"},{"taxonomy":"post_tag","embeddable":true,"href":"https:\/\/kuken.es\/pt\/wp-json\/wp\/v2\/tags?post=845"}],"curies":[{"name":"wp","href":"https:\/\/api.w.org\/{rel}","templated":true}]}}