{"id":855,"date":"2020-04-29T11:47:41","date_gmt":"2020-04-29T09:47:41","guid":{"rendered":"https:\/\/kuken.es\/?p=855"},"modified":"2020-04-29T11:52:13","modified_gmt":"2020-04-29T09:52:13","slug":"secador-de-pelo-profesional-ionic-kuken-premium","status":"publish","type":"post","link":"https:\/\/kuken.es\/nl\/blog\/2020\/04\/29\/secador-de-pelo-profesional-ionic-kuken-premium\/","title":{"rendered":"ionische professionele haardroger k\u00fcken premium 2200w"},"content":{"rendered":"<div class=\"post_content_holder\">\n<div class=\"post_text\">\n<div class=\"post_text_inner\">\n<div class=\"vc_row wpb_row section vc_row-fluid\">\n<div class=\"full_section_inner clearfix\">\n<div class=\"wpb_column vc_column_container vc_col-sm-12\">\n<div class=\"vc_column-inner\">\n<div class=\"wpb_wrapper\">\n<div class=\"wpb_text_column wpb_content_element\">\n<div class=\"wpb_wrapper\">\n<blockquote>\n<h2 style=\"text-align: center;\" align=\"left\"><span style=\"font-size: 18pt;\"><b>\u00bfSecador ionic o secador normal?<\/b><\/span><\/h2>\n<p>&nbsp;<\/p><\/blockquote>\n<\/div>\n<\/div>\n<div class=\"wpb_text_column wpb_content_element\">\n<div class=\"wpb_wrapper\">\n<p><span style=\"font-size: 12pt;\">Antes de empezar con las ventajas de un secador de pelo ionic respecto a un secador normal, explicaremos el concepto de tecnolog\u00eda i\u00f3nica\u2026<\/span><br \/>\n<span style=\"font-size: 12pt;\">La tecnolog\u00eda i\u00f3nica act\u00faa eliminando la humedad del cabello y la electricidad est\u00e1tica, como resultado, evitar\u00e1s el encrespamiento; adem\u00e1s de obtener un secado m\u00e1s r\u00e1pido.<\/span><\/p>\n<p><span style=\"font-size: 12pt;\">Un secador normal solo emite aire caliente o fr\u00edo, por lo que las ventajas principales de un secador ionic son\u2026<\/span><\/p>\n<ul>\n<li><span style=\"font-size: 12pt; color: #000000;\">Para empezar,<strong> un pelo m\u00e1s sano y brillante:<\/strong> el cabello no sufre da\u00f1os como la resequedad y roturas de fibras, hecho que la temperatura del aire del secador es m\u00e1s baja que un secador normal.<\/span><\/li>\n<li><span style=\"font-size: 12pt; color: #000000;\">Muy importante<strong>, efecto bactericida:<\/strong> los iones negativos eliminan bacterias y otros microorganismos.<\/span><\/li>\n<li><span style=\"font-size: 12pt; color: #000000;\"><strong>Secado m\u00e1s r\u00e1pido:<\/strong> el tiempo de secado se reduce al actuar absorbiendo la humedad del cabello.<\/span><\/li>\n<li><span style=\"font-size: 12pt; color: #000000;\">Por \u00faltimo un <strong>acabado perfecto de secado<\/strong>, finalizar con el aire fr\u00edo permite fijar el peinado y obtener m\u00e1s brillo.<\/span><\/li>\n<\/ul>\n<\/div>\n<\/div>\n<blockquote class=\"\">\n<h3 class=\"blockquote-text\"><span style=\"color: #ff0000; font-size: 16pt;\">Como opci\u00f3n de secador de pelo ionic, k\u00fcken ofrece el secador de pelo profesional de la gama Premium<\/span><\/h3>\n<\/blockquote>\n<\/div>\n<\/div>\n<\/div>\n<\/div>\n<\/div>\n<div class=\"vc_row wpb_row section vc_row-fluid\">\n<div class=\"full_section_inner clearfix\">\n<div class=\"wpb_column vc_column_container vc_col-sm-4\">\n<div class=\"vc_column-inner\">\n<div class=\"wpb_wrapper\">\n<div class=\"wpb_single_image wpb_content_element vc_align_left\">\n<div class=\"wpb_wrapper\">\n<div class=\"vc_single_image-wrapper vc_box_border_grey\"><span style=\"font-size: 14pt; font-weight: bold; color: #000000;\">A continuaci\u00f3n, detallamos las caracter\u00edsticas principales:<\/span><\/div>\n<\/div>\n<\/div>\n<\/div>\n<\/div>\n<\/div>\n<\/div>\n<\/div>\n<div class=\"vc_row wpb_row section vc_row-fluid\">\n<div class=\"full_section_inner clearfix\">\n<div class=\"wpb_column vc_column_container vc_col-sm-12\">\n<div class=\"vc_column-inner\">\n<div class=\"wpb_wrapper\">\n<div class=\"wpb_text_column wpb_content_element\">\n<div class=\"wpb_wrapper\">\n<ul>\n<li><span style=\"font-size: 12pt; color: #000000;\">Potencia: 2200 W.<\/span><\/li>\n<li><span style=\"font-size: 12pt; color: #000000;\">Voltaje: 220-240 V. \u2013 50 Hz.<\/span><\/li>\n<li><span style=\"font-size: 12pt; color: #000000;\">Motor AC profesional, de funcionamiento silencioso, potente caudal de aire, larga vida \u00fatil.<\/span><\/li>\n<li><span style=\"font-size: 12pt; color: #000000;\">Generador de iones: reduce la electricidad est\u00e1tica y el encrespamiento, logrando un cabello sedoso y f\u00e1cil de limpiar, con m\u00e1s brillo.<\/span><\/li>\n<li><span style=\"font-size: 12pt; color: #000000;\">Rejilla trasera anti-enredo.<\/span><\/li>\n<li><span style=\"font-size: 12pt; color: #000000;\">Selector de velocidad de 2 posiciones.<\/span><\/li>\n<li><span style=\"font-size: 12pt; color: #000000;\">Selector de temperatura de 3 posiciones.<\/span><\/li>\n<li><span style=\"font-size: 12pt; color: #000000;\">Pulsador aire fr\u00edo, mantiene el peinado por m\u00e1s tiempo.<\/span><\/li>\n<li><span style=\"font-size: 12pt; color: #000000;\">Asa ergon\u00f3mica para una mejor sujeci\u00f3n con botones de encendido.<\/span><\/li>\n<li><span style=\"font-size: 12pt; color: #000000;\">Concentrador de aire para alisado.<\/span><\/li>\n<li><span style=\"font-size: 12pt; color: #000000;\">Difusor profesional y 2 boquillas.<\/span><\/li>\n<li><span style=\"font-size: 12pt; color: #000000;\">Ring om op te hangen.<\/span><\/li>\n<li><span style=\"color: #000000;\"><span style=\"font-size: 12pt;\">Longitud de cable: 1,80 metro<\/span>s.<\/span><\/li>\n<\/ul>\n<blockquote><p><img loading=\"lazy\" decoding=\"async\" class=\"vc_single_image-img attachment-medium\" src=\"https:\/\/kuken.es\/wp-content\/uploads\/2019\/03\/33732_3-300x300.jpg\" sizes=\"auto, (max-width: 300px) 100vw, 300px\" srcset=\"https:\/\/kuken.es\/wp-content\/uploads\/2019\/03\/33732_3-300x300.jpg 300w, https:\/\/kuken.es\/wp-content\/uploads\/2019\/03\/33732_3-150x150.jpg 150w, https:\/\/kuken.es\/wp-content\/uploads\/2019\/03\/33732_3-768x768.jpg 768w, https:\/\/kuken.es\/wp-content\/uploads\/2019\/03\/33732_3-1024x1024.jpg 1024w, https:\/\/kuken.es\/wp-content\/uploads\/2019\/03\/33732_3-570x570.jpg 570w, https:\/\/kuken.es\/wp-content\/uploads\/2019\/03\/33732_3-500x500.jpg 500w, https:\/\/kuken.es\/wp-content\/uploads\/2019\/03\/33732_3-1000x1000.jpg 1000w, https:\/\/kuken.es\/wp-content\/uploads\/2019\/03\/33732_3-700x700.jpg 700w\" alt=\"\" width=\"300\" height=\"300\" \/><img loading=\"lazy\" decoding=\"async\" class=\"alignnone wp-image-4966\" src=\"https:\/\/kuken.es\/wp-content\/uploads\/32661_1-300x300.jpg\" alt=\"Secador de pelo ionic\" width=\"340\" height=\"340\" \/> <img loading=\"lazy\" decoding=\"async\" class=\"alignnone wp-image-4967\" src=\"https:\/\/kuken.es\/wp-content\/uploads\/32661_2-300x300.jpg\" alt=\"Secador de pelo ionic\" width=\"340\" height=\"340\" srcset=\"https:\/\/kuken.es\/wp-content\/uploads\/32661_2-300x300.jpg 300w, https:\/\/kuken.es\/wp-content\/uploads\/32661_2-1024x1024.jpg 1024w, https:\/\/kuken.es\/wp-content\/uploads\/32661_2-150x150.jpg 150w, https:\/\/kuken.es\/wp-content\/uploads\/32661_2-768x768.jpg 768w, https:\/\/kuken.es\/wp-content\/uploads\/32661_2-1536x1536.jpg 1536w, https:\/\/kuken.es\/wp-content\/uploads\/32661_2-146x146.jpg 146w, https:\/\/kuken.es\/wp-content\/uploads\/32661_2-50x50.jpg 50w, https:\/\/kuken.es\/wp-content\/uploads\/32661_2-75x75.jpg 75w, https:\/\/kuken.es\/wp-content\/uploads\/32661_2-85x85.jpg 85w, https:\/\/kuken.es\/wp-content\/uploads\/32661_2-80x80.jpg 80w, https:\/\/kuken.es\/wp-content\/uploads\/32661_2-450x450.jpg 450w, https:\/\/kuken.es\/wp-content\/uploads\/32661_2-600x600.jpg 600w, https:\/\/kuken.es\/wp-content\/uploads\/32661_2.jpg 2000w\" sizes=\"auto, (max-width:767px) 340px, 340px\" \/> <img loading=\"lazy\" decoding=\"async\" class=\"alignnone wp-image-4968\" src=\"https:\/\/kuken.es\/wp-content\/uploads\/32661_3-300x300.jpg\" alt=\"Secador de pelo ionic\" width=\"333\" height=\"333\" srcset=\"https:\/\/kuken.es\/wp-content\/uploads\/32661_3-300x300.jpg 300w, https:\/\/kuken.es\/wp-content\/uploads\/32661_3-1024x1024.jpg 1024w, https:\/\/kuken.es\/wp-content\/uploads\/32661_3-150x150.jpg 150w, https:\/\/kuken.es\/wp-content\/uploads\/32661_3-768x768.jpg 768w, https:\/\/kuken.es\/wp-content\/uploads\/32661_3-1536x1536.jpg 1536w, https:\/\/kuken.es\/wp-content\/uploads\/32661_3-146x146.jpg 146w, https:\/\/kuken.es\/wp-content\/uploads\/32661_3-50x50.jpg 50w, https:\/\/kuken.es\/wp-content\/uploads\/32661_3-75x75.jpg 75w, https:\/\/kuken.es\/wp-content\/uploads\/32661_3-85x85.jpg 85w, https:\/\/kuken.es\/wp-content\/uploads\/32661_3-80x80.jpg 80w, https:\/\/kuken.es\/wp-content\/uploads\/32661_3-450x450.jpg 450w, https:\/\/kuken.es\/wp-content\/uploads\/32661_3-600x600.jpg 600w, https:\/\/kuken.es\/wp-content\/uploads\/32661_3.jpg 2000w\" sizes=\"auto, (max-width:767px) 333px, 333px\" \/><\/p><\/blockquote>\n<\/div>\n<\/div>\n<\/div>\n<\/div>\n<\/div>\n<\/div>\n<\/div>\n<div class=\"vc_row wpb_row section vc_row-fluid\">\n<div class=\"full_section_inner clearfix\">\n<div class=\"wpb_column vc_column_container vc_col-sm-12\">\n<div class=\"vc_column-inner\">\n<div class=\"wpb_wrapper\">\n<blockquote class=\"\">\n<h3 class=\"blockquote-text\"><span style=\"color: #ff0000; font-size: 16pt;\">Finalmente, unos consejos de secado del cabello\u2026<\/span><\/h3>\n<\/blockquote>\n<div class=\"wpb_text_column wpb_content_element\">\n<div class=\"wpb_wrapper\">\n<ul>\n<li><span style=\"color: #000000; font-size: 12pt;\">Evitar realizar el secado con temperatura m\u00e1xima.<\/span><\/li>\n<li><span style=\"color: #000000; font-size: 12pt;\">Se recomienda mantener el secador a una distancia de 20 cm del cabello.<\/span><\/li>\n<li><span style=\"color: #000000; font-size: 12pt;\">No aplicar el calor durante mucho tiempo en un mismo punto.<\/span><\/li>\n<li><span style=\"color: #000000; font-size: 12pt;\">Para secar el cabello de una forma m\u00e1s r\u00e1pida sin da\u00f1arlo, puedes aumentar la potencia pero a una temperatura baja.<\/span><\/li>\n<li><span style=\"color: #000000; font-size: 12pt;\">Las boquillas te ayudar\u00e1n a concentrar mejor la intensidad del aire en la zona concreta de secado.<\/span><\/li>\n<\/ul>\n<\/div>\n<\/div>\n<blockquote class=\"\">\n<h3 class=\"blockquote-text\"><span style=\"font-size: 16pt; color: #ff0000;\">Otras opciones de secador<\/span><\/h3>\n<\/blockquote>\n<div class=\"wpb_text_column wpb_content_element\">\n<div class=\"wpb_wrapper\">\n<blockquote><p><span style=\"color: #3366ff;\"><strong><a style=\"color: #3366ff;\" href=\"https:\/\/kuken.es\/nl\/drogers\/\">https:\/\/kuken.es\/secadores\/<\/a><\/strong><\/span><\/p><\/blockquote>\n<\/div>\n<\/div>\n<\/div>\n<\/div>\n<\/div>\n<\/div>\n<\/div>\n<div class=\"vc_row wpb_row section vc_row-fluid\">\n<div class=\"full_section_inner clearfix\">\n<div class=\"wpb_column vc_column_container vc_col-sm-12\">\n<div class=\"vc_column-inner\">\n<div class=\"wpb_wrapper\">\n<blockquote class=\"with_quote_icon\">\n<h3 class=\"blockquote-text\"><span style=\"color: #ff0000;\"><em><span style=\"font-size: 18pt;\">Verkrijgbaar bij uw plaatselijke ijzerwarenhandel of winkel met kleine apparaten.<\/span><\/em><\/span><\/h3>\n<\/blockquote>\n<\/div>\n<\/div>\n<\/div>\n<\/div>\n<\/div>\n<\/div>\n<\/div>\n<\/div>\n<div class=\"icon_social_holder\">\n<div class=\"blog_share qode_share\">\n<div class=\"social_share_holder\"><\/div>\n<\/div>\n<\/div>","protected":false},"excerpt":{"rendered":"<p>Ionische haardroger of gewone haardroger?   Voordat we beginnen met de voordelen van een ionische haardroger ten opzichte van een normale haardroger, leggen we eerst het concept uit<span class=\"excerpt-hellip\"> [...]<\/span><\/p>","protected":false},"author":4,"featured_media":4966,"comment_status":"open","ping_status":"open","sticky":false,"template":"","format":"standard","meta":{"footnotes":""},"categories":[1],"tags":[],"class_list":["post-855","post","type-post","status-publish","format-standard","has-post-thumbnail","hentry","category-uncategorized"],"yoast_head":"<!-- This site is optimized with the Yoast SEO Premium plugin v24.0 (Yoast SEO v26.5) - https:\/\/yoast.com\/wordpress\/plugins\/seo\/ -->\n<title>Secador de pelo ionic profesional k\u00fcken premium 2200w - K\u00fcken<\/title>\n<meta name=\"description\" content=\"Con Secador de pelo ionic profesional k\u00fcken premium, elimina la humedad y as\u00ed evitar\u00e1s el encrespamiento; adem\u00e1s de obtener un secado m\u00e1s r\u00e1pido.\" \/>\n<meta name=\"robots\" content=\"index, follow, max-snippet:-1, max-image-preview:large, max-video-preview:-1\" \/>\n<link rel=\"canonical\" href=\"https:\/\/kuken.es\/nl\/blog\/2020\/04\/29\/secador-de-pelo-profesional-ionic-kuken-premium\/\" \/>\n<meta property=\"og:locale\" content=\"nl_NL\" \/>\n<meta property=\"og:type\" content=\"article\" \/>\n<meta property=\"og:title\" content=\"Secador de pelo ionic profesional k\u00fcken premium 2200w\" \/>\n<meta property=\"og:description\" content=\"Con Secador de pelo ionic profesional k\u00fcken premium, elimina la humedad y as\u00ed evitar\u00e1s el encrespamiento; adem\u00e1s de obtener un secado m\u00e1s r\u00e1pido.\" \/>\n<meta property=\"og:url\" content=\"https:\/\/kuken.es\/nl\/blog\/2020\/04\/29\/secador-de-pelo-profesional-ionic-kuken-premium\/\" \/>\n<meta property=\"og:site_name\" content=\"K\u00fcken\" \/>\n<meta property=\"article:publisher\" content=\"https:\/\/es-es.facebook.com\/alfadyser\/\" \/>\n<meta property=\"article:published_time\" content=\"2020-04-29T09:47:41+00:00\" \/>\n<meta property=\"article:modified_time\" content=\"2020-04-29T09:52:13+00:00\" \/>\n<meta property=\"og:image\" content=\"https:\/\/kuken.es\/wp-content\/uploads\/32661_1-e1588153901817.jpg\" \/>\n\t<meta property=\"og:image:width\" content=\"1835\" \/>\n\t<meta property=\"og:image:height\" content=\"1075\" \/>\n\t<meta property=\"og:image:type\" content=\"image\/jpeg\" \/>\n<meta name=\"author\" content=\"Alfa Dyser\" \/>\n<meta name=\"twitter:card\" content=\"summary_large_image\" \/>\n<meta name=\"twitter:label1\" content=\"Geschreven door\" \/>\n\t<meta name=\"twitter:data1\" content=\"Alfa Dyser\" \/>\n\t<meta name=\"twitter:label2\" content=\"Geschatte leestijd\" \/>\n\t<meta name=\"twitter:data2\" content=\"2 minuten\" \/>\n<script type=\"application\/ld+json\" class=\"yoast-schema-graph\">{\"@context\":\"https:\/\/schema.org\",\"@graph\":[{\"@type\":\"Article\",\"@id\":\"https:\/\/kuken.es\/blog\/2020\/04\/29\/secador-de-pelo-profesional-ionic-kuken-premium\/#article\",\"isPartOf\":{\"@id\":\"https:\/\/kuken.es\/blog\/2020\/04\/29\/secador-de-pelo-profesional-ionic-kuken-premium\/\"},\"author\":{\"name\":\"Alfa Dyser\",\"@id\":\"https:\/\/kuken.es\/#\/schema\/person\/eff2331e8b66b14cf263fbffae5a0358\"},\"headline\":\"Secador de pelo ionic profesional k\u00fcken premium 2200w\",\"datePublished\":\"2020-04-29T09:47:41+00:00\",\"dateModified\":\"2020-04-29T09:52:13+00:00\",\"mainEntityOfPage\":{\"@id\":\"https:\/\/kuken.es\/blog\/2020\/04\/29\/secador-de-pelo-profesional-ionic-kuken-premium\/\"},\"wordCount\":410,\"commentCount\":0,\"publisher\":{\"@id\":\"https:\/\/kuken.es\/#organization\"},\"image\":{\"@id\":\"https:\/\/kuken.es\/blog\/2020\/04\/29\/secador-de-pelo-profesional-ionic-kuken-premium\/#primaryimage\"},\"thumbnailUrl\":\"https:\/\/kuken.es\/wp-content\/uploads\/32661_1-e1588153901817.jpg\",\"articleSection\":[\"Uncategorized\"],\"inLanguage\":\"nl-NL\",\"potentialAction\":[{\"@type\":\"CommentAction\",\"name\":\"Comment\",\"target\":[\"https:\/\/kuken.es\/blog\/2020\/04\/29\/secador-de-pelo-profesional-ionic-kuken-premium\/#respond\"]}]},{\"@type\":\"WebPage\",\"@id\":\"https:\/\/kuken.es\/blog\/2020\/04\/29\/secador-de-pelo-profesional-ionic-kuken-premium\/\",\"url\":\"https:\/\/kuken.es\/blog\/2020\/04\/29\/secador-de-pelo-profesional-ionic-kuken-premium\/\",\"name\":\"Secador de pelo ionic profesional k\u00fcken premium 2200w - K\u00fcken\",\"isPartOf\":{\"@id\":\"https:\/\/kuken.es\/#website\"},\"primaryImageOfPage\":{\"@id\":\"https:\/\/kuken.es\/blog\/2020\/04\/29\/secador-de-pelo-profesional-ionic-kuken-premium\/#primaryimage\"},\"image\":{\"@id\":\"https:\/\/kuken.es\/blog\/2020\/04\/29\/secador-de-pelo-profesional-ionic-kuken-premium\/#primaryimage\"},\"thumbnailUrl\":\"https:\/\/kuken.es\/wp-content\/uploads\/32661_1-e1588153901817.jpg\",\"datePublished\":\"2020-04-29T09:47:41+00:00\",\"dateModified\":\"2020-04-29T09:52:13+00:00\",\"description\":\"Con Secador de pelo ionic profesional k\u00fcken premium, elimina la humedad y as\u00ed evitar\u00e1s el encrespamiento; adem\u00e1s de obtener un secado m\u00e1s r\u00e1pido.\",\"breadcrumb\":{\"@id\":\"https:\/\/kuken.es\/blog\/2020\/04\/29\/secador-de-pelo-profesional-ionic-kuken-premium\/#breadcrumb\"},\"inLanguage\":\"nl-NL\",\"potentialAction\":[{\"@type\":\"ReadAction\",\"target\":[\"https:\/\/kuken.es\/blog\/2020\/04\/29\/secador-de-pelo-profesional-ionic-kuken-premium\/\"]}]},{\"@type\":\"ImageObject\",\"inLanguage\":\"nl-NL\",\"@id\":\"https:\/\/kuken.es\/blog\/2020\/04\/29\/secador-de-pelo-profesional-ionic-kuken-premium\/#primaryimage\",\"url\":\"https:\/\/kuken.es\/wp-content\/uploads\/32661_1-e1588153901817.jpg\",\"contentUrl\":\"https:\/\/kuken.es\/wp-content\/uploads\/32661_1-e1588153901817.jpg\",\"width\":1835,\"height\":1075},{\"@type\":\"BreadcrumbList\",\"@id\":\"https:\/\/kuken.es\/blog\/2020\/04\/29\/secador-de-pelo-profesional-ionic-kuken-premium\/#breadcrumb\",\"itemListElement\":[{\"@type\":\"ListItem\",\"position\":1,\"name\":\"Portada\",\"item\":\"https:\/\/kuken.es\/\"},{\"@type\":\"ListItem\",\"position\":2,\"name\":\"Secador de pelo ionic profesional k\u00fcken premium 2200w\"}]},{\"@type\":\"WebSite\",\"@id\":\"https:\/\/kuken.es\/#website\",\"url\":\"https:\/\/kuken.es\/\",\"name\":\"K\u00fcken\",\"description\":\"Amplia gama de peque\u00f1o electrodom\u00e9stico k\u00fcken\",\"publisher\":{\"@id\":\"https:\/\/kuken.es\/#organization\"},\"potentialAction\":[{\"@type\":\"SearchAction\",\"target\":{\"@type\":\"EntryPoint\",\"urlTemplate\":\"https:\/\/kuken.es\/?s={search_term_string}\"},\"query-input\":{\"@type\":\"PropertyValueSpecification\",\"valueRequired\":true,\"valueName\":\"search_term_string\"}}],\"inLanguage\":\"nl-NL\"},{\"@type\":\"Organization\",\"@id\":\"https:\/\/kuken.es\/#organization\",\"name\":\"Alfa Dyser\",\"url\":\"https:\/\/kuken.es\/\",\"logo\":{\"@type\":\"ImageObject\",\"inLanguage\":\"nl-NL\",\"@id\":\"https:\/\/kuken.es\/#\/schema\/logo\/image\/\",\"url\":\"https:\/\/kuken.es\/wp-content\/uploads\/2019\/04\/kuken-logo.png\",\"contentUrl\":\"https:\/\/kuken.es\/wp-content\/uploads\/2019\/04\/kuken-logo.png\",\"width\":500,\"height\":191,\"caption\":\"Alfa Dyser\"},\"image\":{\"@id\":\"https:\/\/kuken.es\/#\/schema\/logo\/image\/\"},\"sameAs\":[\"https:\/\/es-es.facebook.com\/alfadyser\/\",\"https:\/\/www.instagram.com\/kuken_appliances\/\"]},{\"@type\":\"Person\",\"@id\":\"https:\/\/kuken.es\/#\/schema\/person\/eff2331e8b66b14cf263fbffae5a0358\",\"name\":\"Alfa Dyser\",\"image\":{\"@type\":\"ImageObject\",\"inLanguage\":\"nl-NL\",\"@id\":\"https:\/\/kuken.es\/#\/schema\/person\/image\/\",\"url\":\"https:\/\/secure.gravatar.com\/avatar\/8c9a2fbb059cc143a6cc9e1f366820a820fce0d0ad854661740e2ddff3bec5a9?s=96&d=mm&r=g\",\"contentUrl\":\"https:\/\/secure.gravatar.com\/avatar\/8c9a2fbb059cc143a6cc9e1f366820a820fce0d0ad854661740e2ddff3bec5a9?s=96&d=mm&r=g\",\"caption\":\"Alfa Dyser\"},\"url\":\"https:\/\/kuken.es\/nl\/blog\/author\/alfa\/\"}]}<\/script>\n<!-- \/ Yoast SEO Premium plugin. -->","yoast_head_json":{"title":"Secador de pelo ionic profesional k\u00fcken premium 2200w - K\u00fcken","description":"Con Secador de pelo ionic profesional k\u00fcken premium, elimina la humedad y as\u00ed evitar\u00e1s el encrespamiento; adem\u00e1s de obtener un secado m\u00e1s r\u00e1pido.","robots":{"index":"index","follow":"follow","max-snippet":"max-snippet:-1","max-image-preview":"max-image-preview:large","max-video-preview":"max-video-preview:-1"},"canonical":"https:\/\/kuken.es\/nl\/blog\/2020\/04\/29\/secador-de-pelo-profesional-ionic-kuken-premium\/","og_locale":"nl_NL","og_type":"article","og_title":"Secador de pelo ionic profesional k\u00fcken premium 2200w","og_description":"Con Secador de pelo ionic profesional k\u00fcken premium, elimina la humedad y as\u00ed evitar\u00e1s el encrespamiento; adem\u00e1s de obtener un secado m\u00e1s r\u00e1pido.","og_url":"https:\/\/kuken.es\/nl\/blog\/2020\/04\/29\/secador-de-pelo-profesional-ionic-kuken-premium\/","og_site_name":"K\u00fcken","article_publisher":"https:\/\/es-es.facebook.com\/alfadyser\/","article_published_time":"2020-04-29T09:47:41+00:00","article_modified_time":"2020-04-29T09:52:13+00:00","og_image":[{"width":1835,"height":1075,"url":"https:\/\/kuken.es\/wp-content\/uploads\/32661_1-e1588153901817.jpg","type":"image\/jpeg"}],"author":"Alfa Dyser","twitter_card":"summary_large_image","twitter_misc":{"Geschreven door":"Alfa Dyser","Geschatte leestijd":"2 minuten"},"schema":{"@context":"https:\/\/schema.org","@graph":[{"@type":"Article","@id":"https:\/\/kuken.es\/blog\/2020\/04\/29\/secador-de-pelo-profesional-ionic-kuken-premium\/#article","isPartOf":{"@id":"https:\/\/kuken.es\/blog\/2020\/04\/29\/secador-de-pelo-profesional-ionic-kuken-premium\/"},"author":{"name":"Alfa Dyser","@id":"https:\/\/kuken.es\/#\/schema\/person\/eff2331e8b66b14cf263fbffae5a0358"},"headline":"Secador de pelo ionic profesional k\u00fcken premium 2200w","datePublished":"2020-04-29T09:47:41+00:00","dateModified":"2020-04-29T09:52:13+00:00","mainEntityOfPage":{"@id":"https:\/\/kuken.es\/blog\/2020\/04\/29\/secador-de-pelo-profesional-ionic-kuken-premium\/"},"wordCount":410,"commentCount":0,"publisher":{"@id":"https:\/\/kuken.es\/#organization"},"image":{"@id":"https:\/\/kuken.es\/blog\/2020\/04\/29\/secador-de-pelo-profesional-ionic-kuken-premium\/#primaryimage"},"thumbnailUrl":"https:\/\/kuken.es\/wp-content\/uploads\/32661_1-e1588153901817.jpg","articleSection":["Uncategorized"],"inLanguage":"nl-NL","potentialAction":[{"@type":"CommentAction","name":"Comment","target":["https:\/\/kuken.es\/blog\/2020\/04\/29\/secador-de-pelo-profesional-ionic-kuken-premium\/#respond"]}]},{"@type":"WebPage","@id":"https:\/\/kuken.es\/blog\/2020\/04\/29\/secador-de-pelo-profesional-ionic-kuken-premium\/","url":"https:\/\/kuken.es\/blog\/2020\/04\/29\/secador-de-pelo-profesional-ionic-kuken-premium\/","name":"Secador de pelo ionic profesional k\u00fcken premium 2200w - K\u00fcken","isPartOf":{"@id":"https:\/\/kuken.es\/#website"},"primaryImageOfPage":{"@id":"https:\/\/kuken.es\/blog\/2020\/04\/29\/secador-de-pelo-profesional-ionic-kuken-premium\/#primaryimage"},"image":{"@id":"https:\/\/kuken.es\/blog\/2020\/04\/29\/secador-de-pelo-profesional-ionic-kuken-premium\/#primaryimage"},"thumbnailUrl":"https:\/\/kuken.es\/wp-content\/uploads\/32661_1-e1588153901817.jpg","datePublished":"2020-04-29T09:47:41+00:00","dateModified":"2020-04-29T09:52:13+00:00","description":"Con Secador de pelo ionic profesional k\u00fcken premium, elimina la humedad y as\u00ed evitar\u00e1s el encrespamiento; adem\u00e1s de obtener un secado m\u00e1s r\u00e1pido.","breadcrumb":{"@id":"https:\/\/kuken.es\/blog\/2020\/04\/29\/secador-de-pelo-profesional-ionic-kuken-premium\/#breadcrumb"},"inLanguage":"nl-NL","potentialAction":[{"@type":"ReadAction","target":["https:\/\/kuken.es\/blog\/2020\/04\/29\/secador-de-pelo-profesional-ionic-kuken-premium\/"]}]},{"@type":"ImageObject","inLanguage":"nl-NL","@id":"https:\/\/kuken.es\/blog\/2020\/04\/29\/secador-de-pelo-profesional-ionic-kuken-premium\/#primaryimage","url":"https:\/\/kuken.es\/wp-content\/uploads\/32661_1-e1588153901817.jpg","contentUrl":"https:\/\/kuken.es\/wp-content\/uploads\/32661_1-e1588153901817.jpg","width":1835,"height":1075},{"@type":"BreadcrumbList","@id":"https:\/\/kuken.es\/blog\/2020\/04\/29\/secador-de-pelo-profesional-ionic-kuken-premium\/#breadcrumb","itemListElement":[{"@type":"ListItem","position":1,"name":"Portada","item":"https:\/\/kuken.es\/"},{"@type":"ListItem","position":2,"name":"Secador de pelo ionic profesional k\u00fcken premium 2200w"}]},{"@type":"WebSite","@id":"https:\/\/kuken.es\/#website","url":"https:\/\/kuken.es\/","name":"K\u00fcken","description":"Uitgebreid assortiment kleine huishoudelijke apparaten van k\u00fcken","publisher":{"@id":"https:\/\/kuken.es\/#organization"},"potentialAction":[{"@type":"SearchAction","target":{"@type":"EntryPoint","urlTemplate":"https:\/\/kuken.es\/?s={search_term_string}"},"query-input":{"@type":"PropertyValueSpecification","valueRequired":true,"valueName":"search_term_string"}}],"inLanguage":"nl-NL"},{"@type":"Organization","@id":"https:\/\/kuken.es\/#organization","name":"Alpha Dyser","url":"https:\/\/kuken.es\/","logo":{"@type":"ImageObject","inLanguage":"nl-NL","@id":"https:\/\/kuken.es\/#\/schema\/logo\/image\/","url":"https:\/\/kuken.es\/wp-content\/uploads\/2019\/04\/kuken-logo.png","contentUrl":"https:\/\/kuken.es\/wp-content\/uploads\/2019\/04\/kuken-logo.png","width":500,"height":191,"caption":"Alfa Dyser"},"image":{"@id":"https:\/\/kuken.es\/#\/schema\/logo\/image\/"},"sameAs":["https:\/\/es-es.facebook.com\/alfadyser\/","https:\/\/www.instagram.com\/kuken_appliances\/"]},{"@type":"Person","@id":"https:\/\/kuken.es\/#\/schema\/person\/eff2331e8b66b14cf263fbffae5a0358","name":"Alpha Dyser","image":{"@type":"ImageObject","inLanguage":"nl-NL","@id":"https:\/\/kuken.es\/#\/schema\/person\/image\/","url":"https:\/\/secure.gravatar.com\/avatar\/8c9a2fbb059cc143a6cc9e1f366820a820fce0d0ad854661740e2ddff3bec5a9?s=96&d=mm&r=g","contentUrl":"https:\/\/secure.gravatar.com\/avatar\/8c9a2fbb059cc143a6cc9e1f366820a820fce0d0ad854661740e2ddff3bec5a9?s=96&d=mm&r=g","caption":"Alfa Dyser"},"url":"https:\/\/kuken.es\/nl\/blog\/author\/alfa\/"}]}},"_links":{"self":[{"href":"https:\/\/kuken.es\/nl\/wp-json\/wp\/v2\/posts\/855","targetHints":{"allow":["GET"]}}],"collection":[{"href":"https:\/\/kuken.es\/nl\/wp-json\/wp\/v2\/posts"}],"about":[{"href":"https:\/\/kuken.es\/nl\/wp-json\/wp\/v2\/types\/post"}],"author":[{"embeddable":true,"href":"https:\/\/kuken.es\/nl\/wp-json\/wp\/v2\/users\/4"}],"replies":[{"embeddable":true,"href":"https:\/\/kuken.es\/nl\/wp-json\/wp\/v2\/comments?post=855"}],"version-history":[{"count":0,"href":"https:\/\/kuken.es\/nl\/wp-json\/wp\/v2\/posts\/855\/revisions"}],"wp:featuredmedia":[{"embeddable":true,"href":"https:\/\/kuken.es\/nl\/wp-json\/wp\/v2\/media\/4966"}],"wp:attachment":[{"href":"https:\/\/kuken.es\/nl\/wp-json\/wp\/v2\/media?parent=855"}],"wp:term":[{"taxonomy":"category","embeddable":true,"href":"https:\/\/kuken.es\/nl\/wp-json\/wp\/v2\/categories?post=855"},{"taxonomy":"post_tag","embeddable":true,"href":"https:\/\/kuken.es\/nl\/wp-json\/wp\/v2\/tags?post=855"}],"curies":[{"name":"wp","href":"https:\/\/api.w.org\/{rel}","templated":true}]}}