{"id":878,"date":"2020-04-29T12:22:48","date_gmt":"2020-04-29T10:22:48","guid":{"rendered":"https:\/\/kuken.es\/?p=878"},"modified":"2020-04-29T14:04:58","modified_gmt":"2020-04-29T12:04:58","slug":"cortapelo-multifuncion-11en1-kuken-premium","status":"publish","type":"post","link":"https:\/\/kuken.es\/fr\/blog\/2020\/04\/29\/cortapelo-multifuncion-11en1-kuken-premium\/","title":{"rendered":"Tondeuse \u00e0 cheveux multifonction 11in1 K\u00fcken Premium"},"content":{"rendered":"<div class=\"vc_row wpb_row section vc_row-fluid\">\n<div class=\"full_section_inner clearfix\">\n<div class=\"wpb_column vc_column_container vc_col-sm-12\">\n<div class=\"vc_column-inner\">\n<div class=\"wpb_wrapper\">\n<div class=\"wpb_single_image wpb_content_element vc_align_center\">\n<div class=\"wpb_wrapper\">\n<div class=\"vc_single_image-wrapper vc_box_border_grey\"><\/div>\n<\/div>\n<\/div>\n<div class=\"vc_empty_space\"><\/div>\n<\/div>\n<\/div>\n<\/div>\n<\/div>\n<\/div>\n<div class=\"vc_row wpb_row section vc_row-fluid\">\n<div class=\"full_section_inner clearfix\">\n<div class=\"wpb_column vc_column_container vc_col-sm-12\">\n<div class=\"vc_column-inner\">\n<div class=\"wpb_wrapper\">\n<div class=\"wpb_text_column wpb_content_element\">\n<div class=\"wpb_wrapper\">\n<h2 style=\"text-align: center;\"><span style=\"font-size: 18pt;\"><strong>Cortapelo multifunci\u00f3n<\/strong><\/span><\/h2>\n<blockquote>\n<h3><span style=\"font-size: 16pt; color: #ff0000;\">\u00bfSabes todo lo que puedes hacer con el cortapelo multifunci\u00f3n?<\/span><\/h3>\n<\/blockquote>\n<\/div>\n<\/div>\n<div class=\"vc_empty_space\"><\/div>\n<div class=\"wpb_text_column wpb_content_element\">\n<div class=\"wpb_wrapper\">\n<p><span style=\"color: #000000; font-size: 12pt;\">Al comprar un cortapelo multifunci\u00f3n est\u00e1s haciendo una gran inversi\u00f3n, las posibilidades que tienes con estos kits son muchas y de lo m\u00e1s variadas. Podr\u00e1s conseguir acabados realmente profesionales en cualquier parte del cuerpo, y todo con un \u00fanico dispositivo; s\u00f3lo tendr\u00e1s que ir intercambiando los diferentes accesorios que incorpora el cortapelo multifunci\u00f3n.<\/span><br \/>\n<span style=\"color: #000000; font-size: 12pt;\">Dentro de nuestra gama de cortapelos y afeitadoras k\u00fcken hoy te presentamos el cortapelo multifunci\u00f3n 11 en 1 k\u00fcken Premium, uno de los cortapelos m\u00e1s completos que podr\u00e1s encontrar en el mercado.<\/span><\/p>\n<\/div>\n<\/div>\n<blockquote>\n<h3 class=\"vc_empty_space\"><span style=\"color: #ff0000; font-size: 16pt;\">En primer lugar, aqu\u00ed tienes sus m\u00faltiples funciones<\/span><\/h3>\n<\/blockquote>\n<p>&nbsp;<\/p>\n<div class=\"wpb_text_column wpb_content_element\">\n<div class=\"wpb_wrapper\">\n<ul>\n<li><span style=\"font-size: 12pt; color: #000000;\"><strong>Cortar el pelo.<\/strong> Tienes multitud de opciones para lograr el acabado id\u00f3neo que buscas. Podr\u00e1s elegir entre los 4 peines que trae nuestro cortapelo, que en combinaci\u00f3n con la cuchilla de precisi\u00f3n har\u00e1 que obtengas una longitud de corte de 3, 6, 9 y 12 mm. Y si lo que buscas es un acabado a\u00fan m\u00e1s fino, podr\u00e1s elegir entre las 4 posiciones que nuestra cuchilla de rasurar ofrece, junto con su peine espec\u00edfico, logrando unas medidas de corte de entre 4 y 5,5 mm.<\/span><\/li>\n<li><span style=\"font-size: 12pt; color: #000000;\"><strong>Cortar y perfilar la barba.<\/strong> Adem\u00e1s de poder usar las cuchillas de precisi\u00f3n y rasurado , y los peines mencionados anteriormente para cortar el pelo, podr\u00e1s usar tambi\u00e9n otro de los accesorios de nuestro cortapelo k\u00fcken; la cuchilla para perfilar. Esta cuchilla te permite definir bordes y \u00e1ngulos, consiguiendo un look totalmente profesional.<\/span><\/li>\n<li><span style=\"font-size: 12pt; color: #000000;\"><strong>Recorte del pelo de la nariz, orejas y cejas.<\/strong> Usando otro de sus cabezales podr\u00e1s cortar el pelo de la nariz, las orejas y la cejas de manera precisa y sin tirones.<\/span><\/li>\n<li><span style=\"font-size: 12pt; color: #000000;\"><strong>Depilaci\u00f3n corporal.<\/strong> Otra opci\u00f3n que tiene nuestro cortapelo multifunci\u00f3n k\u00fcken es la posibilidad de poder recortar el pelo de nuestro cuerpo (piernas, brazos, pecho, axilas\u2026), elegiendo entre 3 medidas diferentes de corte, dependiendo de el acabado que quieras conseguir.<\/span><br \/>\n<span style=\"font-size: 12pt; color: #000000;\">Y si lo que quieres es eliminar el vello corporal totalmente, usaremos el cabezal con afeitadora incorporada incluido en nuestro kit multifunci\u00f3n.<\/span><\/li>\n<\/ul>\n<\/div>\n<\/div>\n<\/div>\n<\/div>\n<\/div>\n<\/div>\n<\/div>\n<div class=\"vc_row wpb_row section vc_row-fluid\">\n<div class=\"full_section_inner clearfix\">\n<div class=\"wpb_column vc_column_container vc_col-sm-4\">\n<div class=\"vc_column-inner\">\u00a0\u00a0 <img loading=\"lazy\" decoding=\"async\" class=\"alignnone wp-image-3679\" src=\"https:\/\/kuken.es\/wp-content\/uploads\/2020\/03\/Corta-pelo-corta-Y-BARBA-RECARGABLE-5W-11-EN-1-KUKEN-2-300x286.jpg\" alt=\"\" width=\"292\" height=\"278\" srcset=\"https:\/\/kuken.es\/wp-content\/uploads\/2020\/03\/Corta-pelo-corta-Y-BARBA-RECARGABLE-5W-11-EN-1-KUKEN-2-300x286.jpg 300w, https:\/\/kuken.es\/wp-content\/uploads\/2020\/03\/Corta-pelo-corta-Y-BARBA-RECARGABLE-5W-11-EN-1-KUKEN-2-600x571.jpg 600w, https:\/\/kuken.es\/wp-content\/uploads\/2020\/03\/Corta-pelo-corta-Y-BARBA-RECARGABLE-5W-11-EN-1-KUKEN-2-768x731.jpg 768w, https:\/\/kuken.es\/wp-content\/uploads\/2020\/03\/Corta-pelo-corta-Y-BARBA-RECARGABLE-5W-11-EN-1-KUKEN-2-153x146.jpg 153w, https:\/\/kuken.es\/wp-content\/uploads\/2020\/03\/Corta-pelo-corta-Y-BARBA-RECARGABLE-5W-11-EN-1-KUKEN-2-50x48.jpg 50w, https:\/\/kuken.es\/wp-content\/uploads\/2020\/03\/Corta-pelo-corta-Y-BARBA-RECARGABLE-5W-11-EN-1-KUKEN-2-79x75.jpg 79w, https:\/\/kuken.es\/wp-content\/uploads\/2020\/03\/Corta-pelo-corta-Y-BARBA-RECARGABLE-5W-11-EN-1-KUKEN-2.jpg 896w\" sizes=\"auto, (max-width:767px) 292px, 292px\" \/> <img loading=\"lazy\" decoding=\"async\" class=\"alignnone wp-image-3675\" src=\"https:\/\/kuken.es\/wp-content\/uploads\/2020\/03\/Corta-pelo-corta-PROFESIONAL-RECARGABLE-5W-9-EN-1-KUKEN-2-300x300.jpg\" alt=\"\" width=\"283\" height=\"283\" srcset=\"https:\/\/kuken.es\/wp-content\/uploads\/2020\/03\/Corta-pelo-corta-PROFESIONAL-RECARGABLE-5W-9-EN-1-KUKEN-2-300x300.jpg 300w, https:\/\/kuken.es\/wp-content\/uploads\/2020\/03\/Corta-pelo-corta-PROFESIONAL-RECARGABLE-5W-9-EN-1-KUKEN-2-450x450.jpg 450w, https:\/\/kuken.es\/wp-content\/uploads\/2020\/03\/Corta-pelo-corta-PROFESIONAL-RECARGABLE-5W-9-EN-1-KUKEN-2-600x600.jpg 600w, https:\/\/kuken.es\/wp-content\/uploads\/2020\/03\/Corta-pelo-corta-PROFESIONAL-RECARGABLE-5W-9-EN-1-KUKEN-2-150x150.jpg 150w, https:\/\/kuken.es\/wp-content\/uploads\/2020\/03\/Corta-pelo-corta-PROFESIONAL-RECARGABLE-5W-9-EN-1-KUKEN-2-768x768.jpg 768w, https:\/\/kuken.es\/wp-content\/uploads\/2020\/03\/Corta-pelo-corta-PROFESIONAL-RECARGABLE-5W-9-EN-1-KUKEN-2-146x146.jpg 146w, https:\/\/kuken.es\/wp-content\/uploads\/2020\/03\/Corta-pelo-corta-PROFESIONAL-RECARGABLE-5W-9-EN-1-KUKEN-2-50x50.jpg 50w, https:\/\/kuken.es\/wp-content\/uploads\/2020\/03\/Corta-pelo-corta-PROFESIONAL-RECARGABLE-5W-9-EN-1-KUKEN-2-75x75.jpg 75w, https:\/\/kuken.es\/wp-content\/uploads\/2020\/03\/Corta-pelo-corta-PROFESIONAL-RECARGABLE-5W-9-EN-1-KUKEN-2-85x85.jpg 85w, https:\/\/kuken.es\/wp-content\/uploads\/2020\/03\/Corta-pelo-corta-PROFESIONAL-RECARGABLE-5W-9-EN-1-KUKEN-2-80x80.jpg 80w, https:\/\/kuken.es\/wp-content\/uploads\/2020\/03\/Corta-pelo-corta-PROFESIONAL-RECARGABLE-5W-9-EN-1-KUKEN-2.jpg 853w\" sizes=\"auto, (max-width:767px) 283px, 283px\" \/> <img loading=\"lazy\" decoding=\"async\" class=\"alignnone wp-image-3673\" src=\"https:\/\/kuken.es\/wp-content\/uploads\/2020\/03\/Corta-pelo-corta-PROFESIONAL-RECARGABLE-5W-9-EN-1-KUKEN-300x300.jpg\" alt=\"Corta pelo \/ corta PROFESIONAL RECARGABLE 5W 9 EN 1 KUKEN\" width=\"291\" height=\"291\" srcset=\"https:\/\/kuken.es\/wp-content\/uploads\/2020\/03\/Corta-pelo-corta-PROFESIONAL-RECARGABLE-5W-9-EN-1-KUKEN-300x300.jpg 300w, https:\/\/kuken.es\/wp-content\/uploads\/2020\/03\/Corta-pelo-corta-PROFESIONAL-RECARGABLE-5W-9-EN-1-KUKEN-450x450.jpg 450w, https:\/\/kuken.es\/wp-content\/uploads\/2020\/03\/Corta-pelo-corta-PROFESIONAL-RECARGABLE-5W-9-EN-1-KUKEN-600x600.jpg 600w, https:\/\/kuken.es\/wp-content\/uploads\/2020\/03\/Corta-pelo-corta-PROFESIONAL-RECARGABLE-5W-9-EN-1-KUKEN-150x150.jpg 150w, https:\/\/kuken.es\/wp-content\/uploads\/2020\/03\/Corta-pelo-corta-PROFESIONAL-RECARGABLE-5W-9-EN-1-KUKEN-768x768.jpg 768w, https:\/\/kuken.es\/wp-content\/uploads\/2020\/03\/Corta-pelo-corta-PROFESIONAL-RECARGABLE-5W-9-EN-1-KUKEN-146x146.jpg 146w, https:\/\/kuken.es\/wp-content\/uploads\/2020\/03\/Corta-pelo-corta-PROFESIONAL-RECARGABLE-5W-9-EN-1-KUKEN-50x50.jpg 50w, https:\/\/kuken.es\/wp-content\/uploads\/2020\/03\/Corta-pelo-corta-PROFESIONAL-RECARGABLE-5W-9-EN-1-KUKEN-75x75.jpg 75w, https:\/\/kuken.es\/wp-content\/uploads\/2020\/03\/Corta-pelo-corta-PROFESIONAL-RECARGABLE-5W-9-EN-1-KUKEN-85x85.jpg 85w, https:\/\/kuken.es\/wp-content\/uploads\/2020\/03\/Corta-pelo-corta-PROFESIONAL-RECARGABLE-5W-9-EN-1-KUKEN-80x80.jpg 80w, https:\/\/kuken.es\/wp-content\/uploads\/2020\/03\/Corta-pelo-corta-PROFESIONAL-RECARGABLE-5W-9-EN-1-KUKEN.jpg 853w\" sizes=\"auto, (max-width:767px) 291px, 291px\" \/> <img loading=\"lazy\" decoding=\"async\" class=\"alignnone wp-image-879\" src=\"https:\/\/kuken.es\/wp-content\/uploads\/2020\/02\/34339_1-300x300.jpg\" alt=\"\" width=\"293\" height=\"293\" srcset=\"https:\/\/kuken.es\/wp-content\/uploads\/2020\/02\/34339_1-300x300.jpg 300w, https:\/\/kuken.es\/wp-content\/uploads\/2020\/02\/34339_1-450x450.jpg 450w, https:\/\/kuken.es\/wp-content\/uploads\/2020\/02\/34339_1-600x600.jpg 600w, https:\/\/kuken.es\/wp-content\/uploads\/2020\/02\/34339_1-150x150.jpg 150w, https:\/\/kuken.es\/wp-content\/uploads\/2020\/02\/34339_1-768x768.jpg 768w, https:\/\/kuken.es\/wp-content\/uploads\/2020\/02\/34339_1-1024x1024.jpg 1024w, https:\/\/kuken.es\/wp-content\/uploads\/2020\/02\/34339_1-146x146.jpg 146w, https:\/\/kuken.es\/wp-content\/uploads\/2020\/02\/34339_1-50x50.jpg 50w, https:\/\/kuken.es\/wp-content\/uploads\/2020\/02\/34339_1-75x75.jpg 75w, https:\/\/kuken.es\/wp-content\/uploads\/2020\/02\/34339_1-85x85.jpg 85w, https:\/\/kuken.es\/wp-content\/uploads\/2020\/02\/34339_1-80x80.jpg 80w, https:\/\/kuken.es\/wp-content\/uploads\/2020\/02\/34339_1.jpg 2000w\" sizes=\"auto, (max-width:767px) 293px, 293px\" \/><\/div>\n<\/div>\n<\/div>\n<\/div>\n<div class=\"vc_row wpb_row section vc_row-fluid\">\n<div class=\"full_section_inner clearfix\">\n<div class=\"wpb_column vc_column_container vc_col-sm-12\">\n<div class=\"vc_column-inner\">\n<div class=\"wpb_wrapper\">\n<blockquote class=\"\">\n<h3 class=\"blockquote-text\"><span style=\"color: #ff0000; font-size: 16pt;\">A continuaci\u00f3n te detallamos las caracter\u00edsticas principales del cortapelo multifunci\u00f3n:<\/span><\/h3>\n<\/blockquote>\n<div class=\"vc_empty_space\"><\/div>\n<div class=\"wpb_text_column wpb_content_element\">\n<div class=\"wpb_wrapper\">\n<ul>\n<li><span style=\"color: #000000; font-size: 12pt;\">Potencia: 5 W.\u00a0<\/span><\/li>\n<li><span style=\"color: #000000; font-size: 12pt;\">Bater\u00eda con autonom\u00eda para 2 horas. Gracias a ello, no te quedar\u00e1s a medias en ning\u00fan corte de pelo.<\/span><\/li>\n<li><span style=\"color: #000000; font-size: 12pt;\">Cuchillas\u00a0 de rasurar y de precisi\u00f3n en acero inoxidable<\/span><span style=\"color: #000000; font-size: 12pt;\">.Como resultado, tenemos unas cuchillas resistentes y de calidad.<\/span><\/li>\n<li><span style=\"color: #000000; font-size: 12pt;\">N\u00famero de posiciones de longitud de cuchilla de rasurar: 4 (de 4 a 5,5mm).<\/span><\/li>\n<li><span style=\"color: #000000; font-size: 12pt;\">N\u00famero de posiciones de longitud de cuchilla de precisi\u00f3n: 4 (de 3 a 12mm).<\/span><\/li>\n<li><span style=\"color: #000000; font-size: 12pt;\">Funcionamiento con o sin cable. Para mayor comodidad.<\/span><\/li>\n<li><span style=\"color: #000000; font-size: 12pt;\">Cuerpo en PC con acabado en dorado y plata.<\/span><\/li>\n<li><span style=\"color: #000000; font-size: 12pt;\">Dise\u00f1o ergon\u00f3mico, para mayor comodidad durante el uso.<\/span><\/li>\n<li><span style=\"color: #000000; font-size: 12pt;\">Indicador de carga de bater\u00eda.<\/span><\/li>\n<li><span style=\"color: #000000; font-size: 12pt;\">Peso: 0,13 Kg.<\/span><\/li>\n<\/ul>\n<blockquote><p><span style=\"color: #000000;\"><strong style=\"font-size: 14pt;\">Para terminar, te listamos los accesorios que incorpora.<\/strong><\/span><\/p><\/blockquote>\n<ul>\n<li><span style=\"font-size: 12pt; color: #000000;\">4 peines de diferente nivel (3mm, 6mm, 9mm y 12mm).<\/span><\/li>\n<li><span style=\"font-size: 12pt; color: #000000;\">Accesorio cortapelo para nariz, orejas y cejas.<\/span><\/li>\n<li><span style=\"font-size: 12pt; color: #000000;\">Accesorio de afeitado. Con la que apurar\u00e1s casi como una m\u00e1quina de afeitar.<\/span><\/li>\n<li><span style=\"font-size: 12pt; color: #000000;\">Cuchilla de precisi\u00f3n. Te permitir\u00e1 hacer un corte m\u00e1s ajustado.<\/span><\/li>\n<li><span style=\"font-size: 12pt; color: #000000;\">Cuchilla de rasurar. Por lo tanto, podr\u00e1s cortar el pelo f\u00e1cilmente.<\/span><\/li>\n<li><span style=\"font-size: 12pt; color: #000000;\">Perfilador y corte.<\/span><\/li>\n<\/ul>\n<\/div>\n<\/div>\n<\/div>\n<\/div>\n<\/div>\n<\/div>\n<\/div>\n<div class=\"vc_row wpb_row section vc_row-fluid\">\n<div class=\"full_section_inner clearfix\">\n<div class=\"wpb_column vc_column_container vc_col-sm-12\">\n<div class=\"vc_column-inner\">\n<div class=\"wpb_wrapper\">\n<blockquote class=\"\">\n<h3 class=\"blockquote-text\"><span style=\"color: #ff0000; font-size: 16pt;\">Por otro lado, te explicamos unos k\u00fcken consejos&#8230;<\/span><\/h3>\n<\/blockquote>\n<div class=\"vc_empty_space\"><\/div>\n<div class=\"wpb_text_column wpb_content_element\">\n<div class=\"wpb_wrapper\">\n<ul>\n<li><span style=\"font-size: 12pt; color: #000000;\">En primer lugar, lo ideal es que el cortapelos que elijas pueda usarse tanto con cable como sin \u00e9l, por lo\u00a0 que, podr\u00e1s usarlo aunque la \u00faltima vez se te olvidara cargarlo.<\/span><\/li>\n<li><span style=\"font-size: 12pt; color: #000000;\">Tambi\u00e9n, ten en cuenta la autonom\u00eda del cortapelos, aconsejamos que \u00e9sta sea por los menos de 60 minutos, as\u00ed no te quedar\u00e1s a medias cuando lo est\u00e9s usando, y no tendr\u00e1s que cargarlo despu\u00e9s de cada uso.<\/span><\/li>\n<li><span style=\"font-size: 12pt; color: #000000;\">Finalmente, otro aspecto a tener en cuenta es el material de las cuchillas, las m\u00e1s empleadas en este tipo de m\u00e1quinas son las de acero inoxidable de alta calidad, siendo muy resistentes a la corrosi\u00f3n y al desgaste.<\/span><\/li>\n<\/ul>\n<\/div>\n<\/div>\n<blockquote class=\"\">\n<h3 class=\"blockquote-text\"><span style=\"font-size: 16pt; color: #ff0000;\">Otras opciones de cortapelo<\/span><\/h3>\n<\/blockquote>\n<div class=\"wpb_text_column wpb_content_element\">\n<div class=\"wpb_wrapper\">\n<blockquote><p><span style=\"color: #3366ff;\"><strong><a style=\"color: #3366ff;\" href=\"https:\/\/kuken.es\/fr\/cortapelos\/\">https:\/\/kuken.es\/cortapelos\/<\/a><\/strong><\/span><\/p><\/blockquote>\n<\/div>\n<\/div>\n<\/div>\n<\/div>\n<\/div>\n<\/div>\n<\/div>\n<div class=\"vc_row wpb_row section vc_row-fluid\">\n<div class=\"full_section_inner clearfix\">\n<div class=\"wpb_column vc_column_container vc_col-sm-12\">\n<div class=\"vc_column-inner\">\n<div class=\"wpb_wrapper\">\n<blockquote class=\"with_quote_icon\">\n<h3 class=\"blockquote-text\"><em><span style=\"color: #ff0000; font-size: 18pt;\">Disponible en tu ferreter\u00eda m\u00e1s cercana y en tiendas de peque\u00f1o electrodom\u00e9stico.<\/span><\/em><\/h3>\n<\/blockquote>\n<\/div>\n<\/div>\n<\/div>\n<\/div>\n<\/div>","protected":false},"excerpt":{"rendered":"<p>Tondeuses \u00e0 cheveux multifonctions Savez-vous ce que vous pouvez faire avec une tondeuse \u00e0 cheveux multifonctions ? L'achat d'une tondeuse \u00e0 cheveux multifonctions est un excellent investissement, car les possibilit\u00e9s qu'elle offre sont nombreuses.<span class=\"excerpt-hellip\"> [...]<\/span><\/p>","protected":false},"author":4,"featured_media":879,"comment_status":"open","ping_status":"open","sticky":false,"template":"","format":"standard","meta":{"footnotes":""},"categories":[1],"tags":[],"class_list":["post-878","post","type-post","status-publish","format-standard","has-post-thumbnail","hentry","category-uncategorized"],"yoast_head":"<!-- This site is optimized with the Yoast SEO Premium plugin v24.0 (Yoast SEO v26.5) - https:\/\/yoast.com\/wordpress\/plugins\/seo\/ -->\n<title>Cortapelo multifunci\u00f3n 11en1 K\u00fcken Pr\u00e9mium - K\u00fcken<\/title>\n<meta name=\"description\" content=\"Con el cortapelo multifunci\u00f3n 11en1 kuken pr\u00e9mium, podr\u00e1s conseguir acabados profesionales con un \u00fanico dispositivo. Mas informaci\u00f3n en nuestro blog\" \/>\n<meta name=\"robots\" content=\"index, follow, max-snippet:-1, max-image-preview:large, max-video-preview:-1\" \/>\n<link rel=\"canonical\" href=\"https:\/\/kuken.es\/fr\/blog\/2020\/04\/29\/cortapelo-multifuncion-11en1-kuken-premium\/\" \/>\n<meta property=\"og:locale\" content=\"fr_FR\" \/>\n<meta property=\"og:type\" content=\"article\" \/>\n<meta property=\"og:title\" content=\"Cortapelo multifunci\u00f3n 11en1 K\u00fcken Pr\u00e9mium\" \/>\n<meta property=\"og:description\" content=\"Con el cortapelo multifunci\u00f3n 11en1 kuken pr\u00e9mium, podr\u00e1s conseguir acabados profesionales con un \u00fanico dispositivo. Mas informaci\u00f3n en nuestro blog\" \/>\n<meta property=\"og:url\" content=\"https:\/\/kuken.es\/fr\/blog\/2020\/04\/29\/cortapelo-multifuncion-11en1-kuken-premium\/\" \/>\n<meta property=\"og:site_name\" content=\"K\u00fcken\" \/>\n<meta property=\"article:publisher\" content=\"https:\/\/es-es.facebook.com\/alfadyser\/\" \/>\n<meta property=\"article:published_time\" content=\"2020-04-29T10:22:48+00:00\" \/>\n<meta property=\"article:modified_time\" content=\"2020-04-29T12:04:58+00:00\" \/>\n<meta property=\"og:image\" content=\"https:\/\/kuken.es\/wp-content\/uploads\/2020\/02\/34339_1.jpg\" \/>\n\t<meta property=\"og:image:width\" content=\"2000\" \/>\n\t<meta property=\"og:image:height\" content=\"2000\" \/>\n\t<meta property=\"og:image:type\" content=\"image\/jpeg\" \/>\n<meta name=\"author\" content=\"Alfa Dyser\" \/>\n<meta name=\"twitter:card\" content=\"summary_large_image\" \/>\n<meta name=\"twitter:label1\" content=\"\u00c9crit par\" \/>\n\t<meta name=\"twitter:data1\" content=\"Alfa Dyser\" \/>\n\t<meta name=\"twitter:label2\" content=\"Dur\u00e9e de lecture estim\u00e9e\" \/>\n\t<meta name=\"twitter:data2\" content=\"3 minutes\" \/>\n<script type=\"application\/ld+json\" class=\"yoast-schema-graph\">{\"@context\":\"https:\/\/schema.org\",\"@graph\":[{\"@type\":\"Article\",\"@id\":\"https:\/\/kuken.es\/blog\/2020\/04\/29\/cortapelo-multifuncion-11en1-kuken-premium\/#article\",\"isPartOf\":{\"@id\":\"https:\/\/kuken.es\/blog\/2020\/04\/29\/cortapelo-multifuncion-11en1-kuken-premium\/\"},\"author\":{\"name\":\"Alfa Dyser\",\"@id\":\"https:\/\/kuken.es\/#\/schema\/person\/eff2331e8b66b14cf263fbffae5a0358\"},\"headline\":\"Cortapelo multifunci\u00f3n 11en1 K\u00fcken Pr\u00e9mium\",\"datePublished\":\"2020-04-29T10:22:48+00:00\",\"dateModified\":\"2020-04-29T12:04:58+00:00\",\"mainEntityOfPage\":{\"@id\":\"https:\/\/kuken.es\/blog\/2020\/04\/29\/cortapelo-multifuncion-11en1-kuken-premium\/\"},\"wordCount\":702,\"commentCount\":0,\"publisher\":{\"@id\":\"https:\/\/kuken.es\/#organization\"},\"image\":{\"@id\":\"https:\/\/kuken.es\/blog\/2020\/04\/29\/cortapelo-multifuncion-11en1-kuken-premium\/#primaryimage\"},\"thumbnailUrl\":\"https:\/\/kuken.es\/wp-content\/uploads\/2020\/02\/34339_1.jpg\",\"articleSection\":[\"Uncategorized\"],\"inLanguage\":\"fr-FR\",\"potentialAction\":[{\"@type\":\"CommentAction\",\"name\":\"Comment\",\"target\":[\"https:\/\/kuken.es\/blog\/2020\/04\/29\/cortapelo-multifuncion-11en1-kuken-premium\/#respond\"]}]},{\"@type\":\"WebPage\",\"@id\":\"https:\/\/kuken.es\/blog\/2020\/04\/29\/cortapelo-multifuncion-11en1-kuken-premium\/\",\"url\":\"https:\/\/kuken.es\/blog\/2020\/04\/29\/cortapelo-multifuncion-11en1-kuken-premium\/\",\"name\":\"Cortapelo multifunci\u00f3n 11en1 K\u00fcken Pr\u00e9mium - K\u00fcken\",\"isPartOf\":{\"@id\":\"https:\/\/kuken.es\/#website\"},\"primaryImageOfPage\":{\"@id\":\"https:\/\/kuken.es\/blog\/2020\/04\/29\/cortapelo-multifuncion-11en1-kuken-premium\/#primaryimage\"},\"image\":{\"@id\":\"https:\/\/kuken.es\/blog\/2020\/04\/29\/cortapelo-multifuncion-11en1-kuken-premium\/#primaryimage\"},\"thumbnailUrl\":\"https:\/\/kuken.es\/wp-content\/uploads\/2020\/02\/34339_1.jpg\",\"datePublished\":\"2020-04-29T10:22:48+00:00\",\"dateModified\":\"2020-04-29T12:04:58+00:00\",\"description\":\"Con el cortapelo multifunci\u00f3n 11en1 kuken pr\u00e9mium, podr\u00e1s conseguir acabados profesionales con un \u00fanico dispositivo. Mas informaci\u00f3n en nuestro blog\",\"breadcrumb\":{\"@id\":\"https:\/\/kuken.es\/blog\/2020\/04\/29\/cortapelo-multifuncion-11en1-kuken-premium\/#breadcrumb\"},\"inLanguage\":\"fr-FR\",\"potentialAction\":[{\"@type\":\"ReadAction\",\"target\":[\"https:\/\/kuken.es\/blog\/2020\/04\/29\/cortapelo-multifuncion-11en1-kuken-premium\/\"]}]},{\"@type\":\"ImageObject\",\"inLanguage\":\"fr-FR\",\"@id\":\"https:\/\/kuken.es\/blog\/2020\/04\/29\/cortapelo-multifuncion-11en1-kuken-premium\/#primaryimage\",\"url\":\"https:\/\/kuken.es\/wp-content\/uploads\/2020\/02\/34339_1.jpg\",\"contentUrl\":\"https:\/\/kuken.es\/wp-content\/uploads\/2020\/02\/34339_1.jpg\",\"width\":2000,\"height\":2000},{\"@type\":\"BreadcrumbList\",\"@id\":\"https:\/\/kuken.es\/blog\/2020\/04\/29\/cortapelo-multifuncion-11en1-kuken-premium\/#breadcrumb\",\"itemListElement\":[{\"@type\":\"ListItem\",\"position\":1,\"name\":\"Portada\",\"item\":\"https:\/\/kuken.es\/\"},{\"@type\":\"ListItem\",\"position\":2,\"name\":\"Cortapelo multifunci\u00f3n 11en1 K\u00fcken Pr\u00e9mium\"}]},{\"@type\":\"WebSite\",\"@id\":\"https:\/\/kuken.es\/#website\",\"url\":\"https:\/\/kuken.es\/\",\"name\":\"K\u00fcken\",\"description\":\"Amplia gama de peque\u00f1o electrodom\u00e9stico k\u00fcken\",\"publisher\":{\"@id\":\"https:\/\/kuken.es\/#organization\"},\"potentialAction\":[{\"@type\":\"SearchAction\",\"target\":{\"@type\":\"EntryPoint\",\"urlTemplate\":\"https:\/\/kuken.es\/?s={search_term_string}\"},\"query-input\":{\"@type\":\"PropertyValueSpecification\",\"valueRequired\":true,\"valueName\":\"search_term_string\"}}],\"inLanguage\":\"fr-FR\"},{\"@type\":\"Organization\",\"@id\":\"https:\/\/kuken.es\/#organization\",\"name\":\"Alfa Dyser\",\"url\":\"https:\/\/kuken.es\/\",\"logo\":{\"@type\":\"ImageObject\",\"inLanguage\":\"fr-FR\",\"@id\":\"https:\/\/kuken.es\/#\/schema\/logo\/image\/\",\"url\":\"https:\/\/kuken.es\/wp-content\/uploads\/2019\/04\/kuken-logo.png\",\"contentUrl\":\"https:\/\/kuken.es\/wp-content\/uploads\/2019\/04\/kuken-logo.png\",\"width\":500,\"height\":191,\"caption\":\"Alfa Dyser\"},\"image\":{\"@id\":\"https:\/\/kuken.es\/#\/schema\/logo\/image\/\"},\"sameAs\":[\"https:\/\/es-es.facebook.com\/alfadyser\/\",\"https:\/\/www.instagram.com\/kuken_appliances\/\"]},{\"@type\":\"Person\",\"@id\":\"https:\/\/kuken.es\/#\/schema\/person\/eff2331e8b66b14cf263fbffae5a0358\",\"name\":\"Alfa Dyser\",\"image\":{\"@type\":\"ImageObject\",\"inLanguage\":\"fr-FR\",\"@id\":\"https:\/\/kuken.es\/#\/schema\/person\/image\/\",\"url\":\"https:\/\/secure.gravatar.com\/avatar\/8c9a2fbb059cc143a6cc9e1f366820a820fce0d0ad854661740e2ddff3bec5a9?s=96&d=mm&r=g\",\"contentUrl\":\"https:\/\/secure.gravatar.com\/avatar\/8c9a2fbb059cc143a6cc9e1f366820a820fce0d0ad854661740e2ddff3bec5a9?s=96&d=mm&r=g\",\"caption\":\"Alfa Dyser\"},\"url\":\"https:\/\/kuken.es\/fr\/blog\/author\/alfa\/\"}]}<\/script>\n<!-- \/ Yoast SEO Premium plugin. -->","yoast_head_json":{"title":"Cortapelo multifunci\u00f3n 11en1 K\u00fcken Pr\u00e9mium - K\u00fcken","description":"Con el cortapelo multifunci\u00f3n 11en1 kuken pr\u00e9mium, podr\u00e1s conseguir acabados profesionales con un \u00fanico dispositivo. Mas informaci\u00f3n en nuestro blog","robots":{"index":"index","follow":"follow","max-snippet":"max-snippet:-1","max-image-preview":"max-image-preview:large","max-video-preview":"max-video-preview:-1"},"canonical":"https:\/\/kuken.es\/fr\/blog\/2020\/04\/29\/cortapelo-multifuncion-11en1-kuken-premium\/","og_locale":"fr_FR","og_type":"article","og_title":"Cortapelo multifunci\u00f3n 11en1 K\u00fcken Pr\u00e9mium","og_description":"Con el cortapelo multifunci\u00f3n 11en1 kuken pr\u00e9mium, podr\u00e1s conseguir acabados profesionales con un \u00fanico dispositivo. Mas informaci\u00f3n en nuestro blog","og_url":"https:\/\/kuken.es\/fr\/blog\/2020\/04\/29\/cortapelo-multifuncion-11en1-kuken-premium\/","og_site_name":"K\u00fcken","article_publisher":"https:\/\/es-es.facebook.com\/alfadyser\/","article_published_time":"2020-04-29T10:22:48+00:00","article_modified_time":"2020-04-29T12:04:58+00:00","og_image":[{"width":2000,"height":2000,"url":"https:\/\/kuken.es\/wp-content\/uploads\/2020\/02\/34339_1.jpg","type":"image\/jpeg"}],"author":"Alfa Dyser","twitter_card":"summary_large_image","twitter_misc":{"\u00c9crit par":"Alfa Dyser","Dur\u00e9e de lecture estim\u00e9e":"3 minutes"},"schema":{"@context":"https:\/\/schema.org","@graph":[{"@type":"Article","@id":"https:\/\/kuken.es\/blog\/2020\/04\/29\/cortapelo-multifuncion-11en1-kuken-premium\/#article","isPartOf":{"@id":"https:\/\/kuken.es\/blog\/2020\/04\/29\/cortapelo-multifuncion-11en1-kuken-premium\/"},"author":{"name":"Alfa Dyser","@id":"https:\/\/kuken.es\/#\/schema\/person\/eff2331e8b66b14cf263fbffae5a0358"},"headline":"Cortapelo multifunci\u00f3n 11en1 K\u00fcken Pr\u00e9mium","datePublished":"2020-04-29T10:22:48+00:00","dateModified":"2020-04-29T12:04:58+00:00","mainEntityOfPage":{"@id":"https:\/\/kuken.es\/blog\/2020\/04\/29\/cortapelo-multifuncion-11en1-kuken-premium\/"},"wordCount":702,"commentCount":0,"publisher":{"@id":"https:\/\/kuken.es\/#organization"},"image":{"@id":"https:\/\/kuken.es\/blog\/2020\/04\/29\/cortapelo-multifuncion-11en1-kuken-premium\/#primaryimage"},"thumbnailUrl":"https:\/\/kuken.es\/wp-content\/uploads\/2020\/02\/34339_1.jpg","articleSection":["Uncategorized"],"inLanguage":"fr-FR","potentialAction":[{"@type":"CommentAction","name":"Comment","target":["https:\/\/kuken.es\/blog\/2020\/04\/29\/cortapelo-multifuncion-11en1-kuken-premium\/#respond"]}]},{"@type":"WebPage","@id":"https:\/\/kuken.es\/blog\/2020\/04\/29\/cortapelo-multifuncion-11en1-kuken-premium\/","url":"https:\/\/kuken.es\/blog\/2020\/04\/29\/cortapelo-multifuncion-11en1-kuken-premium\/","name":"Cortapelo multifunci\u00f3n 11en1 K\u00fcken Pr\u00e9mium - K\u00fcken","isPartOf":{"@id":"https:\/\/kuken.es\/#website"},"primaryImageOfPage":{"@id":"https:\/\/kuken.es\/blog\/2020\/04\/29\/cortapelo-multifuncion-11en1-kuken-premium\/#primaryimage"},"image":{"@id":"https:\/\/kuken.es\/blog\/2020\/04\/29\/cortapelo-multifuncion-11en1-kuken-premium\/#primaryimage"},"thumbnailUrl":"https:\/\/kuken.es\/wp-content\/uploads\/2020\/02\/34339_1.jpg","datePublished":"2020-04-29T10:22:48+00:00","dateModified":"2020-04-29T12:04:58+00:00","description":"Con el cortapelo multifunci\u00f3n 11en1 kuken pr\u00e9mium, podr\u00e1s conseguir acabados profesionales con un \u00fanico dispositivo. Mas informaci\u00f3n en nuestro blog","breadcrumb":{"@id":"https:\/\/kuken.es\/blog\/2020\/04\/29\/cortapelo-multifuncion-11en1-kuken-premium\/#breadcrumb"},"inLanguage":"fr-FR","potentialAction":[{"@type":"ReadAction","target":["https:\/\/kuken.es\/blog\/2020\/04\/29\/cortapelo-multifuncion-11en1-kuken-premium\/"]}]},{"@type":"ImageObject","inLanguage":"fr-FR","@id":"https:\/\/kuken.es\/blog\/2020\/04\/29\/cortapelo-multifuncion-11en1-kuken-premium\/#primaryimage","url":"https:\/\/kuken.es\/wp-content\/uploads\/2020\/02\/34339_1.jpg","contentUrl":"https:\/\/kuken.es\/wp-content\/uploads\/2020\/02\/34339_1.jpg","width":2000,"height":2000},{"@type":"BreadcrumbList","@id":"https:\/\/kuken.es\/blog\/2020\/04\/29\/cortapelo-multifuncion-11en1-kuken-premium\/#breadcrumb","itemListElement":[{"@type":"ListItem","position":1,"name":"Portada","item":"https:\/\/kuken.es\/"},{"@type":"ListItem","position":2,"name":"Cortapelo multifunci\u00f3n 11en1 K\u00fcken Pr\u00e9mium"}]},{"@type":"WebSite","@id":"https:\/\/kuken.es\/#website","url":"https:\/\/kuken.es\/","name":"K\u00fcken","description":"Large gamme de petits appareils m\u00e9nagers k\u00fcken","publisher":{"@id":"https:\/\/kuken.es\/#organization"},"potentialAction":[{"@type":"SearchAction","target":{"@type":"EntryPoint","urlTemplate":"https:\/\/kuken.es\/?s={search_term_string}"},"query-input":{"@type":"PropertyValueSpecification","valueRequired":true,"valueName":"search_term_string"}}],"inLanguage":"fr-FR"},{"@type":"Organization","@id":"https:\/\/kuken.es\/#organization","name":"Alpha Dyser","url":"https:\/\/kuken.es\/","logo":{"@type":"ImageObject","inLanguage":"fr-FR","@id":"https:\/\/kuken.es\/#\/schema\/logo\/image\/","url":"https:\/\/kuken.es\/wp-content\/uploads\/2019\/04\/kuken-logo.png","contentUrl":"https:\/\/kuken.es\/wp-content\/uploads\/2019\/04\/kuken-logo.png","width":500,"height":191,"caption":"Alfa Dyser"},"image":{"@id":"https:\/\/kuken.es\/#\/schema\/logo\/image\/"},"sameAs":["https:\/\/es-es.facebook.com\/alfadyser\/","https:\/\/www.instagram.com\/kuken_appliances\/"]},{"@type":"Person","@id":"https:\/\/kuken.es\/#\/schema\/person\/eff2331e8b66b14cf263fbffae5a0358","name":"Alpha Dyser","image":{"@type":"ImageObject","inLanguage":"fr-FR","@id":"https:\/\/kuken.es\/#\/schema\/person\/image\/","url":"https:\/\/secure.gravatar.com\/avatar\/8c9a2fbb059cc143a6cc9e1f366820a820fce0d0ad854661740e2ddff3bec5a9?s=96&d=mm&r=g","contentUrl":"https:\/\/secure.gravatar.com\/avatar\/8c9a2fbb059cc143a6cc9e1f366820a820fce0d0ad854661740e2ddff3bec5a9?s=96&d=mm&r=g","caption":"Alfa Dyser"},"url":"https:\/\/kuken.es\/fr\/blog\/author\/alfa\/"}]}},"_links":{"self":[{"href":"https:\/\/kuken.es\/fr\/wp-json\/wp\/v2\/posts\/878","targetHints":{"allow":["GET"]}}],"collection":[{"href":"https:\/\/kuken.es\/fr\/wp-json\/wp\/v2\/posts"}],"about":[{"href":"https:\/\/kuken.es\/fr\/wp-json\/wp\/v2\/types\/post"}],"author":[{"embeddable":true,"href":"https:\/\/kuken.es\/fr\/wp-json\/wp\/v2\/users\/4"}],"replies":[{"embeddable":true,"href":"https:\/\/kuken.es\/fr\/wp-json\/wp\/v2\/comments?post=878"}],"version-history":[{"count":0,"href":"https:\/\/kuken.es\/fr\/wp-json\/wp\/v2\/posts\/878\/revisions"}],"wp:featuredmedia":[{"embeddable":true,"href":"https:\/\/kuken.es\/fr\/wp-json\/wp\/v2\/media\/879"}],"wp:attachment":[{"href":"https:\/\/kuken.es\/fr\/wp-json\/wp\/v2\/media?parent=878"}],"wp:term":[{"taxonomy":"category","embeddable":true,"href":"https:\/\/kuken.es\/fr\/wp-json\/wp\/v2\/categories?post=878"},{"taxonomy":"post_tag","embeddable":true,"href":"https:\/\/kuken.es\/fr\/wp-json\/wp\/v2\/tags?post=878"}],"curies":[{"name":"wp","href":"https:\/\/api.w.org\/{rel}","templated":true}]}}