{"id":6291,"date":"2020-11-03T10:48:45","date_gmt":"2020-11-03T09:48:45","guid":{"rendered":"https:\/\/kuken.es\/?p=6291"},"modified":"2020-11-04T13:21:51","modified_gmt":"2020-11-04T12:21:51","slug":"receta-de-crema-de-frutos-secos","status":"publish","type":"post","link":"https:\/\/kuken.es\/fr\/blog\/2020\/11\/03\/receta-de-crema-de-frutos-secos\/","title":{"rendered":"RECETTE DE LA CR\u00c8ME DE NOIX"},"content":{"rendered":"<p>Una receta bastante r\u00e1pida y f\u00e1cil de hacer es la receta de crema de frutos secos con el Robot de cocina K\u00fcken 9000.<\/p>\n<p>Es ideal para tomar con una tostada en el desayuno, solo o con otros ingredientes&#8230; Tambi\u00e9n para preparar canap\u00e9s, bocadillos de merienda o un almuerzo para los peques.<\/p>\n<p class=\"mb-2\">Adem\u00e1s los frutos secos dan mucha energ\u00eda y\u00a0 son una gran fuente de prote\u00ednas y minerales.<\/p>\n<h2><span style=\"font-size: 18pt; color: #008080;\">CREMA DE FRUTOS SECOS\u00a0<\/span><\/h2>\n<p>Para esta receta receta de crema de frutos secos, podemos utilizar los frutos secos crudos o tostados.<\/p>\n<p>Recomendamos prepararla de las dos maneras y luego elegir la que m\u00e1s nos guste para futuras preparaciones.<\/p>\n<p>El sabor es diferente en los dos casos, y que nos guste una m\u00e1s que otra depender\u00e1 de nuestros propios gustos.<\/p>\n<p>Si hemos comprado los frutos secos crudos los podemos tostar en el horno de manera sencilla y en cualquiera de los dos casos los podemos utilizar pelados o con la piel. El resultado final ser\u00e1 una crema de color m\u00e1s tostado en el caso de usarlos con la piel.<\/p>\n<table style=\"height: 199px;\" width=\"369\">\n<tbody>\n<tr>\n<td style=\"text-align: center;\"><strong>INGREDIENTS<\/strong><\/td>\n<td style=\"text-align: center;\"><strong>ACCESORIOS K\u00fcken<\/strong><\/td>\n<\/tr>\n<tr>\n<td style=\"text-align: center;\">125 g de almendras<\/td>\n<td style=\"text-align: center;\">Accesorio cuchilla<\/td>\n<\/tr>\n<tr>\n<td style=\"text-align: center;\">125 g de avellanas<\/td>\n<td style=\"text-align: center;\">Esp\u00e1tula<\/td>\n<\/tr>\n<tr>\n<td style=\"text-align: center;\">125 g de nueces<\/td>\n<td><\/td>\n<\/tr>\n<tr>\n<td style=\"text-align: center;\">125 g de anacardos<\/td>\n<td><\/td>\n<\/tr>\n<tr>\n<td style=\"text-align: center;\">Crudos o tostados sin sal<\/td>\n<td><\/td>\n<\/tr>\n<\/tbody>\n<\/table>\n<h3><span style=\"font-size: 18pt; color: #008080;\">ELABORACI\u00d3N<\/span><\/h3>\n<ul>\n<li><span style=\"color: #000000;\">Montamos el accesorio cuchilla en nuestro robot de cocina K\u00fcken.<\/span><\/li>\n<li><span style=\"color: #000000;\">A\u00f1adimos 125 g de almendras, 125 g de avellanas, 125 de anacardos y 125 g de nueces.<\/span><\/li>\n<\/ul>\n<p><span style=\"color: #000000;\"><strong>Trituramos 45 segundos a velocidad 8.\u00a0<\/strong><\/span><\/p>\n<ul>\n<li><span style=\"color: #000000;\">Retiramos la tapa y con ayuda de la esp\u00e1tula empujamos hacia el fondo los restos que hayan podido quedar en la pared del vaso.<\/span><\/li>\n<\/ul>\n<p><span style=\"color: #000000;\"><strong>Trituramos 45 segundos a velocidad 10.<\/strong><\/span><\/p>\n<ul>\n<li><span style=\"color: #000000;\">Nuevamente retiramos la tapa y con ayuda de la esp\u00e1tula empujamos hacia el fondo los restos que hayan podido quedar en la pared del vaso.<\/span><\/li>\n<\/ul>\n<p><span style=\"color: #000000;\"><strong>Trituramos 1 minuto a velocidad 10.<\/strong><\/span><\/p>\n<ul>\n<li><span style=\"color: #000000;\">Comprobamos que nuestra crema tiene la textura deseada, en caso de quererla m\u00e1s fina repetimos el paso anterior las veces necesarias hasta conseguir la textura deseada.<\/span><\/li>\n<\/ul>\n<p><strong>Y Tenemos lista nuestra crema de frutos secos lista para degustar!<\/strong><\/p>\n<blockquote><p><strong>La mejor manera para conservar la crema de frutos secos es en tarros de cristal dentro de la nevera.<\/strong><\/p><\/blockquote>\n<h4><span style=\"color: #008080;\">\u00bfConoces el Robot de cocina K\u00fcken?<\/span><\/h4>\n<h6><a href=\"https:\/\/kuken.es\/fr\/produit\/robot-de-cocina-multifuncion-k%c3%bcken-touch-9000\/\">https:\/\/kuken.es\/producto\/robot-de-cocina-multifuncion-K\u00fcken-touch-9000\/<\/a><\/h6>\n<p><span style=\"font-size: 14pt; color: #008080;\">Suivez-nous sur les m\u00e9dias sociaux !<\/span><\/p>\n<p><a href=\"https:\/\/www.instagram.com\/kuken_appliances\/\">https:\/\/www.instagram.com\/kuken_appliances\/<\/a><\/p>","protected":false},"excerpt":{"rendered":"<p>Le robot de cuisine K\u00fcken 9000 permet de r\u00e9aliser une recette assez rapide et facile, celle de la cr\u00e8me aux noix. Il est id\u00e9al pour<span class=\"excerpt-hellip\"> [...]<\/span><\/p>","protected":false},"author":4,"featured_media":6293,"comment_status":"open","ping_status":"open","sticky":false,"template":"","format":"standard","meta":{"footnotes":""},"categories":[4],"tags":[],"class_list":["post-6291","post","type-post","status-publish","format-standard","has-post-thumbnail","hentry","category-posts-mas-relevantes"],"yoast_head":"<!-- This site is optimized with the Yoast SEO Premium plugin v24.0 (Yoast SEO v26.5) - https:\/\/yoast.com\/wordpress\/plugins\/seo\/ -->\n<title>RECETA DE CREMA DE FRUTOS SECOS - K\u00fcken<\/title>\n<meta name=\"description\" content=\"Receta paso a paso de c\u00f3mo hacer una crema de frutos secos con el robot de cocina K\u00fckenTOUCH 9000 de k\u00fcken. Descubre la receta en la web de k\u00fcken\" \/>\n<meta name=\"robots\" content=\"index, follow, max-snippet:-1, max-image-preview:large, max-video-preview:-1\" \/>\n<link rel=\"canonical\" href=\"https:\/\/kuken.es\/fr\/blog\/2020\/11\/03\/receta-de-crema-de-frutos-secos\/\" \/>\n<meta property=\"og:locale\" content=\"fr_FR\" \/>\n<meta property=\"og:type\" content=\"article\" \/>\n<meta property=\"og:title\" content=\"RECETA DE CREMA DE FRUTOS SECOS\" \/>\n<meta property=\"og:description\" content=\"Receta paso a paso de c\u00f3mo hacer una crema de frutos secos con el robot de cocina K\u00fckenTOUCH 9000 de k\u00fcken. Descubre la receta en la web de k\u00fcken\" \/>\n<meta property=\"og:url\" content=\"https:\/\/kuken.es\/fr\/blog\/2020\/11\/03\/receta-de-crema-de-frutos-secos\/\" \/>\n<meta property=\"og:site_name\" content=\"K\u00fcken\" \/>\n<meta property=\"article:publisher\" content=\"https:\/\/es-es.facebook.com\/alfadyser\/\" \/>\n<meta property=\"article:published_time\" content=\"2020-11-03T09:48:45+00:00\" \/>\n<meta property=\"article:modified_time\" content=\"2020-11-04T12:21:51+00:00\" \/>\n<meta property=\"og:image\" content=\"https:\/\/kuken.es\/wp-content\/uploads\/crema-de-frutos-secos.jpg\" \/>\n\t<meta property=\"og:image:width\" content=\"480\" \/>\n\t<meta property=\"og:image:height\" content=\"658\" \/>\n\t<meta property=\"og:image:type\" content=\"image\/jpeg\" \/>\n<meta name=\"author\" content=\"Alfa Dyser\" \/>\n<meta name=\"twitter:card\" content=\"summary_large_image\" \/>\n<meta name=\"twitter:label1\" content=\"\u00c9crit par\" \/>\n\t<meta name=\"twitter:data1\" content=\"Alfa Dyser\" \/>\n\t<meta name=\"twitter:label2\" content=\"Dur\u00e9e de lecture estim\u00e9e\" \/>\n\t<meta name=\"twitter:data2\" content=\"2 minutes\" \/>\n<script type=\"application\/ld+json\" class=\"yoast-schema-graph\">{\"@context\":\"https:\/\/schema.org\",\"@graph\":[{\"@type\":\"Article\",\"@id\":\"https:\/\/kuken.es\/blog\/2020\/11\/03\/receta-de-crema-de-frutos-secos\/#article\",\"isPartOf\":{\"@id\":\"https:\/\/kuken.es\/blog\/2020\/11\/03\/receta-de-crema-de-frutos-secos\/\"},\"author\":{\"name\":\"Alfa Dyser\",\"@id\":\"https:\/\/kuken.es\/#\/schema\/person\/eff2331e8b66b14cf263fbffae5a0358\"},\"headline\":\"RECETA DE CREMA DE FRUTOS SECOS\",\"datePublished\":\"2020-11-03T09:48:45+00:00\",\"dateModified\":\"2020-11-04T12:21:51+00:00\",\"mainEntityOfPage\":{\"@id\":\"https:\/\/kuken.es\/blog\/2020\/11\/03\/receta-de-crema-de-frutos-secos\/\"},\"wordCount\":386,\"commentCount\":0,\"publisher\":{\"@id\":\"https:\/\/kuken.es\/#organization\"},\"image\":{\"@id\":\"https:\/\/kuken.es\/blog\/2020\/11\/03\/receta-de-crema-de-frutos-secos\/#primaryimage\"},\"thumbnailUrl\":\"https:\/\/kuken.es\/wp-content\/uploads\/crema-de-frutos-secos.jpg\",\"articleSection\":[\"Posts m\u00e1s relevantes\"],\"inLanguage\":\"fr-FR\",\"potentialAction\":[{\"@type\":\"CommentAction\",\"name\":\"Comment\",\"target\":[\"https:\/\/kuken.es\/blog\/2020\/11\/03\/receta-de-crema-de-frutos-secos\/#respond\"]}]},{\"@type\":\"WebPage\",\"@id\":\"https:\/\/kuken.es\/blog\/2020\/11\/03\/receta-de-crema-de-frutos-secos\/\",\"url\":\"https:\/\/kuken.es\/blog\/2020\/11\/03\/receta-de-crema-de-frutos-secos\/\",\"name\":\"RECETA DE CREMA DE FRUTOS SECOS - K\u00fcken\",\"isPartOf\":{\"@id\":\"https:\/\/kuken.es\/#website\"},\"primaryImageOfPage\":{\"@id\":\"https:\/\/kuken.es\/blog\/2020\/11\/03\/receta-de-crema-de-frutos-secos\/#primaryimage\"},\"image\":{\"@id\":\"https:\/\/kuken.es\/blog\/2020\/11\/03\/receta-de-crema-de-frutos-secos\/#primaryimage\"},\"thumbnailUrl\":\"https:\/\/kuken.es\/wp-content\/uploads\/crema-de-frutos-secos.jpg\",\"datePublished\":\"2020-11-03T09:48:45+00:00\",\"dateModified\":\"2020-11-04T12:21:51+00:00\",\"description\":\"Receta paso a paso de c\u00f3mo hacer una crema de frutos secos con el robot de cocina K\u00fckenTOUCH 9000 de k\u00fcken. Descubre la receta en la web de k\u00fcken\",\"breadcrumb\":{\"@id\":\"https:\/\/kuken.es\/blog\/2020\/11\/03\/receta-de-crema-de-frutos-secos\/#breadcrumb\"},\"inLanguage\":\"fr-FR\",\"potentialAction\":[{\"@type\":\"ReadAction\",\"target\":[\"https:\/\/kuken.es\/blog\/2020\/11\/03\/receta-de-crema-de-frutos-secos\/\"]}]},{\"@type\":\"ImageObject\",\"inLanguage\":\"fr-FR\",\"@id\":\"https:\/\/kuken.es\/blog\/2020\/11\/03\/receta-de-crema-de-frutos-secos\/#primaryimage\",\"url\":\"https:\/\/kuken.es\/wp-content\/uploads\/crema-de-frutos-secos.jpg\",\"contentUrl\":\"https:\/\/kuken.es\/wp-content\/uploads\/crema-de-frutos-secos.jpg\",\"width\":480,\"height\":658,\"caption\":\"Receta de crema de frutos secos\"},{\"@type\":\"BreadcrumbList\",\"@id\":\"https:\/\/kuken.es\/blog\/2020\/11\/03\/receta-de-crema-de-frutos-secos\/#breadcrumb\",\"itemListElement\":[{\"@type\":\"ListItem\",\"position\":1,\"name\":\"Portada\",\"item\":\"https:\/\/kuken.es\/\"},{\"@type\":\"ListItem\",\"position\":2,\"name\":\"RECETA DE CREMA DE FRUTOS SECOS\"}]},{\"@type\":\"WebSite\",\"@id\":\"https:\/\/kuken.es\/#website\",\"url\":\"https:\/\/kuken.es\/\",\"name\":\"K\u00fcken\",\"description\":\"Amplia gama de peque\u00f1o electrodom\u00e9stico k\u00fcken\",\"publisher\":{\"@id\":\"https:\/\/kuken.es\/#organization\"},\"potentialAction\":[{\"@type\":\"SearchAction\",\"target\":{\"@type\":\"EntryPoint\",\"urlTemplate\":\"https:\/\/kuken.es\/?s={search_term_string}\"},\"query-input\":{\"@type\":\"PropertyValueSpecification\",\"valueRequired\":true,\"valueName\":\"search_term_string\"}}],\"inLanguage\":\"fr-FR\"},{\"@type\":\"Organization\",\"@id\":\"https:\/\/kuken.es\/#organization\",\"name\":\"Alfa Dyser\",\"url\":\"https:\/\/kuken.es\/\",\"logo\":{\"@type\":\"ImageObject\",\"inLanguage\":\"fr-FR\",\"@id\":\"https:\/\/kuken.es\/#\/schema\/logo\/image\/\",\"url\":\"https:\/\/kuken.es\/wp-content\/uploads\/2019\/04\/kuken-logo.png\",\"contentUrl\":\"https:\/\/kuken.es\/wp-content\/uploads\/2019\/04\/kuken-logo.png\",\"width\":500,\"height\":191,\"caption\":\"Alfa Dyser\"},\"image\":{\"@id\":\"https:\/\/kuken.es\/#\/schema\/logo\/image\/\"},\"sameAs\":[\"https:\/\/es-es.facebook.com\/alfadyser\/\",\"https:\/\/www.instagram.com\/kuken_appliances\/\"]},{\"@type\":\"Person\",\"@id\":\"https:\/\/kuken.es\/#\/schema\/person\/eff2331e8b66b14cf263fbffae5a0358\",\"name\":\"Alfa Dyser\",\"image\":{\"@type\":\"ImageObject\",\"inLanguage\":\"fr-FR\",\"@id\":\"https:\/\/kuken.es\/#\/schema\/person\/image\/\",\"url\":\"https:\/\/secure.gravatar.com\/avatar\/8c9a2fbb059cc143a6cc9e1f366820a820fce0d0ad854661740e2ddff3bec5a9?s=96&d=mm&r=g\",\"contentUrl\":\"https:\/\/secure.gravatar.com\/avatar\/8c9a2fbb059cc143a6cc9e1f366820a820fce0d0ad854661740e2ddff3bec5a9?s=96&d=mm&r=g\",\"caption\":\"Alfa Dyser\"},\"url\":\"https:\/\/kuken.es\/fr\/blog\/author\/alfa\/\"}]}<\/script>\n<!-- \/ Yoast SEO Premium plugin. -->","yoast_head_json":{"title":"RECETA DE CREMA DE FRUTOS SECOS - K\u00fcken","description":"Receta paso a paso de c\u00f3mo hacer una crema de frutos secos con el robot de cocina K\u00fckenTOUCH 9000 de k\u00fcken. Descubre la receta en la web de k\u00fcken","robots":{"index":"index","follow":"follow","max-snippet":"max-snippet:-1","max-image-preview":"max-image-preview:large","max-video-preview":"max-video-preview:-1"},"canonical":"https:\/\/kuken.es\/fr\/blog\/2020\/11\/03\/receta-de-crema-de-frutos-secos\/","og_locale":"fr_FR","og_type":"article","og_title":"RECETA DE CREMA DE FRUTOS SECOS","og_description":"Receta paso a paso de c\u00f3mo hacer una crema de frutos secos con el robot de cocina K\u00fckenTOUCH 9000 de k\u00fcken. Descubre la receta en la web de k\u00fcken","og_url":"https:\/\/kuken.es\/fr\/blog\/2020\/11\/03\/receta-de-crema-de-frutos-secos\/","og_site_name":"K\u00fcken","article_publisher":"https:\/\/es-es.facebook.com\/alfadyser\/","article_published_time":"2020-11-03T09:48:45+00:00","article_modified_time":"2020-11-04T12:21:51+00:00","og_image":[{"width":480,"height":658,"url":"https:\/\/kuken.es\/wp-content\/uploads\/crema-de-frutos-secos.jpg","type":"image\/jpeg"}],"author":"Alfa Dyser","twitter_card":"summary_large_image","twitter_misc":{"\u00c9crit par":"Alfa Dyser","Dur\u00e9e de lecture estim\u00e9e":"2 minutes"},"schema":{"@context":"https:\/\/schema.org","@graph":[{"@type":"Article","@id":"https:\/\/kuken.es\/blog\/2020\/11\/03\/receta-de-crema-de-frutos-secos\/#article","isPartOf":{"@id":"https:\/\/kuken.es\/blog\/2020\/11\/03\/receta-de-crema-de-frutos-secos\/"},"author":{"name":"Alfa Dyser","@id":"https:\/\/kuken.es\/#\/schema\/person\/eff2331e8b66b14cf263fbffae5a0358"},"headline":"RECETA DE CREMA DE FRUTOS SECOS","datePublished":"2020-11-03T09:48:45+00:00","dateModified":"2020-11-04T12:21:51+00:00","mainEntityOfPage":{"@id":"https:\/\/kuken.es\/blog\/2020\/11\/03\/receta-de-crema-de-frutos-secos\/"},"wordCount":386,"commentCount":0,"publisher":{"@id":"https:\/\/kuken.es\/#organization"},"image":{"@id":"https:\/\/kuken.es\/blog\/2020\/11\/03\/receta-de-crema-de-frutos-secos\/#primaryimage"},"thumbnailUrl":"https:\/\/kuken.es\/wp-content\/uploads\/crema-de-frutos-secos.jpg","articleSection":["Posts m\u00e1s relevantes"],"inLanguage":"fr-FR","potentialAction":[{"@type":"CommentAction","name":"Comment","target":["https:\/\/kuken.es\/blog\/2020\/11\/03\/receta-de-crema-de-frutos-secos\/#respond"]}]},{"@type":"WebPage","@id":"https:\/\/kuken.es\/blog\/2020\/11\/03\/receta-de-crema-de-frutos-secos\/","url":"https:\/\/kuken.es\/blog\/2020\/11\/03\/receta-de-crema-de-frutos-secos\/","name":"RECETA DE CREMA DE FRUTOS SECOS - K\u00fcken","isPartOf":{"@id":"https:\/\/kuken.es\/#website"},"primaryImageOfPage":{"@id":"https:\/\/kuken.es\/blog\/2020\/11\/03\/receta-de-crema-de-frutos-secos\/#primaryimage"},"image":{"@id":"https:\/\/kuken.es\/blog\/2020\/11\/03\/receta-de-crema-de-frutos-secos\/#primaryimage"},"thumbnailUrl":"https:\/\/kuken.es\/wp-content\/uploads\/crema-de-frutos-secos.jpg","datePublished":"2020-11-03T09:48:45+00:00","dateModified":"2020-11-04T12:21:51+00:00","description":"Receta paso a paso de c\u00f3mo hacer una crema de frutos secos con el robot de cocina K\u00fckenTOUCH 9000 de k\u00fcken. Descubre la receta en la web de k\u00fcken","breadcrumb":{"@id":"https:\/\/kuken.es\/blog\/2020\/11\/03\/receta-de-crema-de-frutos-secos\/#breadcrumb"},"inLanguage":"fr-FR","potentialAction":[{"@type":"ReadAction","target":["https:\/\/kuken.es\/blog\/2020\/11\/03\/receta-de-crema-de-frutos-secos\/"]}]},{"@type":"ImageObject","inLanguage":"fr-FR","@id":"https:\/\/kuken.es\/blog\/2020\/11\/03\/receta-de-crema-de-frutos-secos\/#primaryimage","url":"https:\/\/kuken.es\/wp-content\/uploads\/crema-de-frutos-secos.jpg","contentUrl":"https:\/\/kuken.es\/wp-content\/uploads\/crema-de-frutos-secos.jpg","width":480,"height":658,"caption":"Receta de crema de frutos secos"},{"@type":"BreadcrumbList","@id":"https:\/\/kuken.es\/blog\/2020\/11\/03\/receta-de-crema-de-frutos-secos\/#breadcrumb","itemListElement":[{"@type":"ListItem","position":1,"name":"Portada","item":"https:\/\/kuken.es\/"},{"@type":"ListItem","position":2,"name":"RECETA DE CREMA DE FRUTOS SECOS"}]},{"@type":"WebSite","@id":"https:\/\/kuken.es\/#website","url":"https:\/\/kuken.es\/","name":"K\u00fcken","description":"Large gamme de petits appareils m\u00e9nagers k\u00fcken","publisher":{"@id":"https:\/\/kuken.es\/#organization"},"potentialAction":[{"@type":"SearchAction","target":{"@type":"EntryPoint","urlTemplate":"https:\/\/kuken.es\/?s={search_term_string}"},"query-input":{"@type":"PropertyValueSpecification","valueRequired":true,"valueName":"search_term_string"}}],"inLanguage":"fr-FR"},{"@type":"Organization","@id":"https:\/\/kuken.es\/#organization","name":"Alpha Dyser","url":"https:\/\/kuken.es\/","logo":{"@type":"ImageObject","inLanguage":"fr-FR","@id":"https:\/\/kuken.es\/#\/schema\/logo\/image\/","url":"https:\/\/kuken.es\/wp-content\/uploads\/2019\/04\/kuken-logo.png","contentUrl":"https:\/\/kuken.es\/wp-content\/uploads\/2019\/04\/kuken-logo.png","width":500,"height":191,"caption":"Alfa Dyser"},"image":{"@id":"https:\/\/kuken.es\/#\/schema\/logo\/image\/"},"sameAs":["https:\/\/es-es.facebook.com\/alfadyser\/","https:\/\/www.instagram.com\/kuken_appliances\/"]},{"@type":"Person","@id":"https:\/\/kuken.es\/#\/schema\/person\/eff2331e8b66b14cf263fbffae5a0358","name":"Alpha Dyser","image":{"@type":"ImageObject","inLanguage":"fr-FR","@id":"https:\/\/kuken.es\/#\/schema\/person\/image\/","url":"https:\/\/secure.gravatar.com\/avatar\/8c9a2fbb059cc143a6cc9e1f366820a820fce0d0ad854661740e2ddff3bec5a9?s=96&d=mm&r=g","contentUrl":"https:\/\/secure.gravatar.com\/avatar\/8c9a2fbb059cc143a6cc9e1f366820a820fce0d0ad854661740e2ddff3bec5a9?s=96&d=mm&r=g","caption":"Alfa Dyser"},"url":"https:\/\/kuken.es\/fr\/blog\/author\/alfa\/"}]}},"_links":{"self":[{"href":"https:\/\/kuken.es\/fr\/wp-json\/wp\/v2\/posts\/6291","targetHints":{"allow":["GET"]}}],"collection":[{"href":"https:\/\/kuken.es\/fr\/wp-json\/wp\/v2\/posts"}],"about":[{"href":"https:\/\/kuken.es\/fr\/wp-json\/wp\/v2\/types\/post"}],"author":[{"embeddable":true,"href":"https:\/\/kuken.es\/fr\/wp-json\/wp\/v2\/users\/4"}],"replies":[{"embeddable":true,"href":"https:\/\/kuken.es\/fr\/wp-json\/wp\/v2\/comments?post=6291"}],"version-history":[{"count":0,"href":"https:\/\/kuken.es\/fr\/wp-json\/wp\/v2\/posts\/6291\/revisions"}],"wp:featuredmedia":[{"embeddable":true,"href":"https:\/\/kuken.es\/fr\/wp-json\/wp\/v2\/media\/6293"}],"wp:attachment":[{"href":"https:\/\/kuken.es\/fr\/wp-json\/wp\/v2\/media?parent=6291"}],"wp:term":[{"taxonomy":"category","embeddable":true,"href":"https:\/\/kuken.es\/fr\/wp-json\/wp\/v2\/categories?post=6291"},{"taxonomy":"post_tag","embeddable":true,"href":"https:\/\/kuken.es\/fr\/wp-json\/wp\/v2\/tags?post=6291"}],"curies":[{"name":"wp","href":"https:\/\/api.w.org\/{rel}","templated":true}]}}