{"id":878,"date":"2020-04-29T12:22:48","date_gmt":"2020-04-29T10:22:48","guid":{"rendered":"https:\/\/kuken.es\/?p=878"},"modified":"2020-04-29T14:04:58","modified_gmt":"2020-04-29T12:04:58","slug":"multi-function-hair-clipper-11in1-kuken-premium","status":"publish","type":"post","link":"https:\/\/kuken.es\/en\/blog\/2020\/04\/29\/multi-function-hair-clipper-11in1-kuken-premium\/","title":{"rendered":"K\u00fcken Premium 11in1 multifunction hair clipper"},"content":{"rendered":"<div class=\"vc_row wpb_row section vc_row-fluid\">\n<div class=\"full_section_inner clearfix\">\n<div class=\"wpb_column vc_column_container vc_col-sm-12\">\n<div class=\"vc_column-inner\">\n<div class=\"wpb_wrapper\">\n<div class=\"wpb_single_image wpb_content_element vc_align_center\">\n<div class=\"wpb_wrapper\">\n<div class=\"vc_single_image-wrapper vc_box_border_grey\"><\/div>\n<\/div>\n<\/div>\n<div class=\"vc_empty_space\"><\/div>\n<\/div>\n<\/div>\n<\/div>\n<\/div>\n<\/div>\n<div class=\"vc_row wpb_row section vc_row-fluid\">\n<div class=\"full_section_inner clearfix\">\n<div class=\"wpb_column vc_column_container vc_col-sm-12\">\n<div class=\"vc_column-inner\">\n<div class=\"wpb_wrapper\">\n<div class=\"wpb_text_column wpb_content_element\">\n<div class=\"wpb_wrapper\">\n<h2 style=\"text-align: center;\"><span style=\"font-size: 18pt;\"><strong>Multifunction hair clippers<\/strong><\/span><\/h2>\n<blockquote>\n<h3><span style=\"font-size: 16pt; color: #ff0000;\">Do you know what you can do with the multifunction hair clipper?<\/span><\/h3>\n<\/blockquote>\n<\/div>\n<\/div>\n<div class=\"vc_empty_space\"><\/div>\n<div class=\"wpb_text_column wpb_content_element\">\n<div class=\"wpb_wrapper\">\n<p><span style=\"color: #000000; font-size: 12pt;\">When you buy a multifunction hair clipper you are making a great investment, the possibilities you have with these kits are many and varied. You can achieve truly professional finishes on any part of the body, and all with a single device; you only have to interchange the different accessories included in the multifunction hair clipper.<\/span><br \/>\n<span style=\"color: #000000; font-size: 12pt;\">Within our range of k\u00fcken hair clippers and shavers, today we present the k\u00fcken Premium 11-in-1 multifunction hair clipper, one of the most complete hair clippers you can find on the market.<\/span><\/p>\n<\/div>\n<\/div>\n<blockquote>\n<h3 class=\"vc_empty_space\"><span style=\"color: #ff0000; font-size: 16pt;\">First of all, here are its many functions<\/span><\/h3>\n<\/blockquote>\n<p>&nbsp;<\/p>\n<div class=\"wpb_text_column wpb_content_element\">\n<div class=\"wpb_wrapper\">\n<ul>\n<li><span style=\"font-size: 12pt; color: #000000;\"><strong>Haircutting.<\/strong> You have a multitude of options to achieve the ideal finish you're looking for. You can choose between the 4 combs that come with our hair trimmer, which in combination with the precision blade will give you a cutting length of 3, 6, 9 and 12 mm. And if you're looking for an even finer finish, you can choose between the 4 positions that our shaving blade offers, together with its specific comb, achieving cutting lengths of between 4 and 5.5 mm.<\/span><\/li>\n<li><span style=\"font-size: 12pt; color: #000000;\"><strong>Trimming and shaping the beard.<\/strong> In addition to using the precision and shaving blades and the combs mentioned above to cut hair, you can also use one of the other accessories of our k\u00fcken hair clippers; the contouring blade. This blade allows you to define edges and angles for a professional look.<\/span><\/li>\n<li><span style=\"font-size: 12pt; color: #000000;\"><strong>Trimming of nose, ear and eyebrow hair.<\/strong> Using one of the other heads you can cut nose, ear and eyebrow hair precisely and without pulling.<\/span><\/li>\n<li><span style=\"font-size: 12pt; color: #000000;\"><strong>Body waxing.<\/strong> Another option that our k\u00fcken multifunction hair clipper has is the possibility of being able to trim our body hair (legs, arms, chest, armpits...), choosing between 3 different cutting sizes, depending on the finish you want to achieve.<\/span><br \/>\n<span style=\"font-size: 12pt; color: #000000;\">And if you want to remove body hair completely, we'll use the shaver head with built-in shaver included in our multifunction kit.<\/span><\/li>\n<\/ul>\n<\/div>\n<\/div>\n<\/div>\n<\/div>\n<\/div>\n<\/div>\n<\/div>\n<div class=\"vc_row wpb_row section vc_row-fluid\">\n<div class=\"full_section_inner clearfix\">\n<div class=\"wpb_column vc_column_container vc_col-sm-4\">\n<div class=\"vc_column-inner\">\u00a0\u00a0 <img loading=\"lazy\" decoding=\"async\" class=\"alignnone wp-image-3679\" src=\"https:\/\/kuken.es\/wp-content\/uploads\/2020\/03\/Corta-pelo-corta-Y-BARBA-RECARGABLE-5W-11-EN-1-KUKEN-2-300x286.jpg\" alt=\"\" width=\"292\" height=\"278\" srcset=\"https:\/\/kuken.es\/wp-content\/uploads\/2020\/03\/Corta-pelo-corta-Y-BARBA-RECARGABLE-5W-11-EN-1-KUKEN-2-300x286.jpg 300w, https:\/\/kuken.es\/wp-content\/uploads\/2020\/03\/Corta-pelo-corta-Y-BARBA-RECARGABLE-5W-11-EN-1-KUKEN-2-600x571.jpg 600w, https:\/\/kuken.es\/wp-content\/uploads\/2020\/03\/Corta-pelo-corta-Y-BARBA-RECARGABLE-5W-11-EN-1-KUKEN-2-768x731.jpg 768w, https:\/\/kuken.es\/wp-content\/uploads\/2020\/03\/Corta-pelo-corta-Y-BARBA-RECARGABLE-5W-11-EN-1-KUKEN-2-153x146.jpg 153w, https:\/\/kuken.es\/wp-content\/uploads\/2020\/03\/Corta-pelo-corta-Y-BARBA-RECARGABLE-5W-11-EN-1-KUKEN-2-50x48.jpg 50w, https:\/\/kuken.es\/wp-content\/uploads\/2020\/03\/Corta-pelo-corta-Y-BARBA-RECARGABLE-5W-11-EN-1-KUKEN-2-79x75.jpg 79w, https:\/\/kuken.es\/wp-content\/uploads\/2020\/03\/Corta-pelo-corta-Y-BARBA-RECARGABLE-5W-11-EN-1-KUKEN-2.jpg 896w\" sizes=\"auto, (max-width:767px) 292px, 292px\" \/> <img loading=\"lazy\" decoding=\"async\" class=\"alignnone wp-image-3675\" src=\"https:\/\/kuken.es\/wp-content\/uploads\/2020\/03\/Corta-pelo-corta-PROFESIONAL-RECARGABLE-5W-9-EN-1-KUKEN-2-300x300.jpg\" alt=\"\" width=\"283\" height=\"283\" srcset=\"https:\/\/kuken.es\/wp-content\/uploads\/2020\/03\/Corta-pelo-corta-PROFESIONAL-RECARGABLE-5W-9-EN-1-KUKEN-2-300x300.jpg 300w, https:\/\/kuken.es\/wp-content\/uploads\/2020\/03\/Corta-pelo-corta-PROFESIONAL-RECARGABLE-5W-9-EN-1-KUKEN-2-450x450.jpg 450w, https:\/\/kuken.es\/wp-content\/uploads\/2020\/03\/Corta-pelo-corta-PROFESIONAL-RECARGABLE-5W-9-EN-1-KUKEN-2-600x600.jpg 600w, https:\/\/kuken.es\/wp-content\/uploads\/2020\/03\/Corta-pelo-corta-PROFESIONAL-RECARGABLE-5W-9-EN-1-KUKEN-2-150x150.jpg 150w, https:\/\/kuken.es\/wp-content\/uploads\/2020\/03\/Corta-pelo-corta-PROFESIONAL-RECARGABLE-5W-9-EN-1-KUKEN-2-768x768.jpg 768w, https:\/\/kuken.es\/wp-content\/uploads\/2020\/03\/Corta-pelo-corta-PROFESIONAL-RECARGABLE-5W-9-EN-1-KUKEN-2-146x146.jpg 146w, https:\/\/kuken.es\/wp-content\/uploads\/2020\/03\/Corta-pelo-corta-PROFESIONAL-RECARGABLE-5W-9-EN-1-KUKEN-2-50x50.jpg 50w, https:\/\/kuken.es\/wp-content\/uploads\/2020\/03\/Corta-pelo-corta-PROFESIONAL-RECARGABLE-5W-9-EN-1-KUKEN-2-75x75.jpg 75w, https:\/\/kuken.es\/wp-content\/uploads\/2020\/03\/Corta-pelo-corta-PROFESIONAL-RECARGABLE-5W-9-EN-1-KUKEN-2-85x85.jpg 85w, https:\/\/kuken.es\/wp-content\/uploads\/2020\/03\/Corta-pelo-corta-PROFESIONAL-RECARGABLE-5W-9-EN-1-KUKEN-2-80x80.jpg 80w, https:\/\/kuken.es\/wp-content\/uploads\/2020\/03\/Corta-pelo-corta-PROFESIONAL-RECARGABLE-5W-9-EN-1-KUKEN-2.jpg 853w\" sizes=\"auto, (max-width:767px) 283px, 283px\" \/> <img loading=\"lazy\" decoding=\"async\" class=\"alignnone wp-image-3673\" src=\"https:\/\/kuken.es\/wp-content\/uploads\/2020\/03\/Corta-pelo-corta-PROFESIONAL-RECARGABLE-5W-9-EN-1-KUKEN-300x300.jpg\" alt=\"PROFESSIONAL 5W 9 IN 1 KUKEN PROFESSIONAL 5W RECHARGEABLE hair clipper \/ trimmer\" width=\"291\" height=\"291\" srcset=\"https:\/\/kuken.es\/wp-content\/uploads\/2020\/03\/Corta-pelo-corta-PROFESIONAL-RECARGABLE-5W-9-EN-1-KUKEN-300x300.jpg 300w, https:\/\/kuken.es\/wp-content\/uploads\/2020\/03\/Corta-pelo-corta-PROFESIONAL-RECARGABLE-5W-9-EN-1-KUKEN-450x450.jpg 450w, https:\/\/kuken.es\/wp-content\/uploads\/2020\/03\/Corta-pelo-corta-PROFESIONAL-RECARGABLE-5W-9-EN-1-KUKEN-600x600.jpg 600w, https:\/\/kuken.es\/wp-content\/uploads\/2020\/03\/Corta-pelo-corta-PROFESIONAL-RECARGABLE-5W-9-EN-1-KUKEN-150x150.jpg 150w, https:\/\/kuken.es\/wp-content\/uploads\/2020\/03\/Corta-pelo-corta-PROFESIONAL-RECARGABLE-5W-9-EN-1-KUKEN-768x768.jpg 768w, https:\/\/kuken.es\/wp-content\/uploads\/2020\/03\/Corta-pelo-corta-PROFESIONAL-RECARGABLE-5W-9-EN-1-KUKEN-146x146.jpg 146w, https:\/\/kuken.es\/wp-content\/uploads\/2020\/03\/Corta-pelo-corta-PROFESIONAL-RECARGABLE-5W-9-EN-1-KUKEN-50x50.jpg 50w, https:\/\/kuken.es\/wp-content\/uploads\/2020\/03\/Corta-pelo-corta-PROFESIONAL-RECARGABLE-5W-9-EN-1-KUKEN-75x75.jpg 75w, https:\/\/kuken.es\/wp-content\/uploads\/2020\/03\/Corta-pelo-corta-PROFESIONAL-RECARGABLE-5W-9-EN-1-KUKEN-85x85.jpg 85w, https:\/\/kuken.es\/wp-content\/uploads\/2020\/03\/Corta-pelo-corta-PROFESIONAL-RECARGABLE-5W-9-EN-1-KUKEN-80x80.jpg 80w, https:\/\/kuken.es\/wp-content\/uploads\/2020\/03\/Corta-pelo-corta-PROFESIONAL-RECARGABLE-5W-9-EN-1-KUKEN.jpg 853w\" sizes=\"auto, (max-width:767px) 291px, 291px\" \/> <img loading=\"lazy\" decoding=\"async\" class=\"alignnone wp-image-879\" src=\"https:\/\/kuken.es\/wp-content\/uploads\/2020\/02\/34339_1-300x300.jpg\" alt=\"\" width=\"293\" height=\"293\" srcset=\"https:\/\/kuken.es\/wp-content\/uploads\/2020\/02\/34339_1-300x300.jpg 300w, https:\/\/kuken.es\/wp-content\/uploads\/2020\/02\/34339_1-450x450.jpg 450w, https:\/\/kuken.es\/wp-content\/uploads\/2020\/02\/34339_1-600x600.jpg 600w, https:\/\/kuken.es\/wp-content\/uploads\/2020\/02\/34339_1-150x150.jpg 150w, https:\/\/kuken.es\/wp-content\/uploads\/2020\/02\/34339_1-768x768.jpg 768w, https:\/\/kuken.es\/wp-content\/uploads\/2020\/02\/34339_1-1024x1024.jpg 1024w, https:\/\/kuken.es\/wp-content\/uploads\/2020\/02\/34339_1-146x146.jpg 146w, https:\/\/kuken.es\/wp-content\/uploads\/2020\/02\/34339_1-50x50.jpg 50w, https:\/\/kuken.es\/wp-content\/uploads\/2020\/02\/34339_1-75x75.jpg 75w, https:\/\/kuken.es\/wp-content\/uploads\/2020\/02\/34339_1-85x85.jpg 85w, https:\/\/kuken.es\/wp-content\/uploads\/2020\/02\/34339_1-80x80.jpg 80w, https:\/\/kuken.es\/wp-content\/uploads\/2020\/02\/34339_1.jpg 2000w\" sizes=\"auto, (max-width:767px) 293px, 293px\" \/><\/div>\n<\/div>\n<\/div>\n<\/div>\n<div class=\"vc_row wpb_row section vc_row-fluid\">\n<div class=\"full_section_inner clearfix\">\n<div class=\"wpb_column vc_column_container vc_col-sm-12\">\n<div class=\"vc_column-inner\">\n<div class=\"wpb_wrapper\">\n<blockquote class=\"\">\n<h3 class=\"blockquote-text\"><span style=\"color: #ff0000; font-size: 16pt;\">Here are the main features of the multifunction hair clipper:<\/span><\/h3>\n<\/blockquote>\n<div class=\"vc_empty_space\"><\/div>\n<div class=\"wpb_text_column wpb_content_element\">\n<div class=\"wpb_wrapper\">\n<ul>\n<li><span style=\"color: #000000; font-size: 12pt;\">Power: 5 W.\u00a0<\/span><\/li>\n<li><span style=\"color: #000000; font-size: 12pt;\">Battery life of 2 hours. Thanks to this, you won't be left halfway through any haircut.<\/span><\/li>\n<li><span style=\"color: #000000; font-size: 12pt;\">Shaving and precision blades made of stainless steel<\/span><span style=\"color: #000000; font-size: 12pt;\">As a result, we have quality and durable blades.<\/span><\/li>\n<li><span style=\"color: #000000; font-size: 12pt;\">Number of shaving blade length positions: 4 (from 4 to 5.5mm).<\/span><\/li>\n<li><span style=\"color: #000000; font-size: 12pt;\">Number of precision blade length positions: 4 (from 3 to 12mm).<\/span><\/li>\n<li><span style=\"color: #000000; font-size: 12pt;\">Corded or cordless operation. For greater convenience.<\/span><\/li>\n<li><span style=\"color: #000000; font-size: 12pt;\">PC body with gold and silver finish.<\/span><\/li>\n<li><span style=\"color: #000000; font-size: 12pt;\">Ergonomic design, for greater comfort during use.<\/span><\/li>\n<li><span style=\"color: #000000; font-size: 12pt;\">Battery charge indicator.<\/span><\/li>\n<li><span style=\"color: #000000; font-size: 12pt;\">Weight: 0,13 Kg.<\/span><\/li>\n<\/ul>\n<blockquote><p><span style=\"color: #000000;\"><strong style=\"font-size: 14pt;\">Finally, here is a list of the accessories included.<\/strong><\/span><\/p><\/blockquote>\n<ul>\n<li><span style=\"font-size: 12pt; color: #000000;\">4 combs of different levels (3mm, 6mm, 9mm and 12mm).<\/span><\/li>\n<li><span style=\"font-size: 12pt; color: #000000;\">Hair clipper accessory for nose, ears and eyebrows.<\/span><\/li>\n<li><span style=\"font-size: 12pt; color: #000000;\">Shaving accessory. With which you can shave almost like a razor.<\/span><\/li>\n<li><span style=\"font-size: 12pt; color: #000000;\">Precision blade. It will allow you to make a tighter cut.<\/span><\/li>\n<li><span style=\"font-size: 12pt; color: #000000;\">Shaving blade. Therefore, you will be able to cut hair easily.<\/span><\/li>\n<li><span style=\"font-size: 12pt; color: #000000;\">Profiling and cutting.<\/span><\/li>\n<\/ul>\n<\/div>\n<\/div>\n<\/div>\n<\/div>\n<\/div>\n<\/div>\n<\/div>\n<div class=\"vc_row wpb_row section vc_row-fluid\">\n<div class=\"full_section_inner clearfix\">\n<div class=\"wpb_column vc_column_container vc_col-sm-12\">\n<div class=\"vc_column-inner\">\n<div class=\"wpb_wrapper\">\n<blockquote class=\"\">\n<h3 class=\"blockquote-text\"><span style=\"color: #ff0000; font-size: 16pt;\">On the other hand, here are a few k\u00fcken tips...<\/span><\/h3>\n<\/blockquote>\n<div class=\"vc_empty_space\"><\/div>\n<div class=\"wpb_text_column wpb_content_element\">\n<div class=\"wpb_wrapper\">\n<ul>\n<li><span style=\"font-size: 12pt; color: #000000;\">Firstly, ideally, the clipper you choose should be able to be used both corded and cordless, so you'll be able to use it even if you forgot to charge it last time.<\/span><\/li>\n<li><span style=\"font-size: 12pt; color: #000000;\">Also, keep in mind the autonomy of the clipper, we recommend that it lasts at least 60 minutes, so you won't be left half full when you are using it, and you won't have to charge it after each use.<\/span><\/li>\n<li><span style=\"font-size: 12pt; color: #000000;\">Finally, another aspect to take into account is the material of the blades, the most commonly used in this type of machine are high quality stainless steel blades, which are very resistant to corrosion and wear.<\/span><\/li>\n<\/ul>\n<\/div>\n<\/div>\n<blockquote class=\"\">\n<h3 class=\"blockquote-text\"><span style=\"font-size: 16pt; color: #ff0000;\">Other hair clipper options<\/span><\/h3>\n<\/blockquote>\n<div class=\"wpb_text_column wpb_content_element\">\n<div class=\"wpb_wrapper\">\n<blockquote><p><span style=\"color: #3366ff;\"><strong><a style=\"color: #3366ff;\" href=\"https:\/\/kuken.es\/en\/cortapelos\/\">https:\/\/kuken.es\/cortapelos\/<\/a><\/strong><\/span><\/p><\/blockquote>\n<\/div>\n<\/div>\n<\/div>\n<\/div>\n<\/div>\n<\/div>\n<\/div>\n<div class=\"vc_row wpb_row section vc_row-fluid\">\n<div class=\"full_section_inner clearfix\">\n<div class=\"wpb_column vc_column_container vc_col-sm-12\">\n<div class=\"vc_column-inner\">\n<div class=\"wpb_wrapper\">\n<blockquote class=\"with_quote_icon\">\n<h3 class=\"blockquote-text\"><em><span style=\"color: #ff0000; font-size: 18pt;\">Available at your local hardware and small appliance shop.<\/span><\/em><\/h3>\n<\/blockquote>\n<\/div>\n<\/div>\n<\/div>\n<\/div>\n<\/div>","protected":false},"excerpt":{"rendered":"<p>Multifunction hair clippers Do you know what you can do with a multifunction hair clipper? When you buy a multifunction hair clipper you are making a great investment, the possibilities that you have<span class=\"excerpt-hellip\"> [...]<\/span><\/p>","protected":false},"author":4,"featured_media":879,"comment_status":"open","ping_status":"open","sticky":false,"template":"","format":"standard","meta":{"footnotes":""},"categories":[1],"tags":[],"class_list":["post-878","post","type-post","status-publish","format-standard","has-post-thumbnail","hentry","category-uncategorized"],"yoast_head":"<!-- This site is optimized with the Yoast SEO Premium plugin v24.0 (Yoast SEO v26.5) - https:\/\/yoast.com\/wordpress\/plugins\/seo\/ -->\n<title>Cortapelo multifunci\u00f3n 11en1 K\u00fcken Pr\u00e9mium - K\u00fcken<\/title>\n<meta name=\"description\" content=\"Con el cortapelo multifunci\u00f3n 11en1 kuken pr\u00e9mium, podr\u00e1s conseguir acabados profesionales con un \u00fanico dispositivo. Mas informaci\u00f3n en nuestro blog\" \/>\n<meta name=\"robots\" content=\"index, follow, max-snippet:-1, max-image-preview:large, max-video-preview:-1\" \/>\n<link rel=\"canonical\" href=\"https:\/\/kuken.es\/en\/blog\/2020\/04\/29\/multi-function-hair-clipper-11in1-kuken-premium\/\" \/>\n<meta property=\"og:locale\" content=\"en_GB\" \/>\n<meta property=\"og:type\" content=\"article\" \/>\n<meta property=\"og:title\" content=\"Cortapelo multifunci\u00f3n 11en1 K\u00fcken Pr\u00e9mium\" \/>\n<meta property=\"og:description\" content=\"Con el cortapelo multifunci\u00f3n 11en1 kuken pr\u00e9mium, podr\u00e1s conseguir acabados profesionales con un \u00fanico dispositivo. Mas informaci\u00f3n en nuestro blog\" \/>\n<meta property=\"og:url\" content=\"https:\/\/kuken.es\/en\/blog\/2020\/04\/29\/multi-function-hair-clipper-11in1-kuken-premium\/\" \/>\n<meta property=\"og:site_name\" content=\"K\u00fcken\" \/>\n<meta property=\"article:publisher\" content=\"https:\/\/es-es.facebook.com\/alfadyser\/\" \/>\n<meta property=\"article:published_time\" content=\"2020-04-29T10:22:48+00:00\" \/>\n<meta property=\"article:modified_time\" content=\"2020-04-29T12:04:58+00:00\" \/>\n<meta property=\"og:image\" content=\"https:\/\/kuken.es\/wp-content\/uploads\/2020\/02\/34339_1.jpg\" \/>\n\t<meta property=\"og:image:width\" content=\"2000\" \/>\n\t<meta property=\"og:image:height\" content=\"2000\" \/>\n\t<meta property=\"og:image:type\" content=\"image\/jpeg\" \/>\n<meta name=\"author\" content=\"Alfa Dyser\" \/>\n<meta name=\"twitter:card\" content=\"summary_large_image\" \/>\n<meta name=\"twitter:label1\" content=\"Written by\" \/>\n\t<meta name=\"twitter:data1\" content=\"Alfa Dyser\" \/>\n\t<meta name=\"twitter:label2\" content=\"Estimated reading time\" \/>\n\t<meta name=\"twitter:data2\" content=\"3 minutes\" \/>\n<script type=\"application\/ld+json\" class=\"yoast-schema-graph\">{\"@context\":\"https:\/\/schema.org\",\"@graph\":[{\"@type\":\"Article\",\"@id\":\"https:\/\/kuken.es\/blog\/2020\/04\/29\/cortapelo-multifuncion-11en1-kuken-premium\/#article\",\"isPartOf\":{\"@id\":\"https:\/\/kuken.es\/blog\/2020\/04\/29\/cortapelo-multifuncion-11en1-kuken-premium\/\"},\"author\":{\"name\":\"Alfa Dyser\",\"@id\":\"https:\/\/kuken.es\/#\/schema\/person\/eff2331e8b66b14cf263fbffae5a0358\"},\"headline\":\"Cortapelo multifunci\u00f3n 11en1 K\u00fcken Pr\u00e9mium\",\"datePublished\":\"2020-04-29T10:22:48+00:00\",\"dateModified\":\"2020-04-29T12:04:58+00:00\",\"mainEntityOfPage\":{\"@id\":\"https:\/\/kuken.es\/blog\/2020\/04\/29\/cortapelo-multifuncion-11en1-kuken-premium\/\"},\"wordCount\":702,\"commentCount\":0,\"publisher\":{\"@id\":\"https:\/\/kuken.es\/#organization\"},\"image\":{\"@id\":\"https:\/\/kuken.es\/blog\/2020\/04\/29\/cortapelo-multifuncion-11en1-kuken-premium\/#primaryimage\"},\"thumbnailUrl\":\"https:\/\/kuken.es\/wp-content\/uploads\/2020\/02\/34339_1.jpg\",\"articleSection\":[\"Uncategorized\"],\"inLanguage\":\"en-GB\",\"potentialAction\":[{\"@type\":\"CommentAction\",\"name\":\"Comment\",\"target\":[\"https:\/\/kuken.es\/blog\/2020\/04\/29\/cortapelo-multifuncion-11en1-kuken-premium\/#respond\"]}]},{\"@type\":\"WebPage\",\"@id\":\"https:\/\/kuken.es\/blog\/2020\/04\/29\/cortapelo-multifuncion-11en1-kuken-premium\/\",\"url\":\"https:\/\/kuken.es\/blog\/2020\/04\/29\/cortapelo-multifuncion-11en1-kuken-premium\/\",\"name\":\"Cortapelo multifunci\u00f3n 11en1 K\u00fcken Pr\u00e9mium - K\u00fcken\",\"isPartOf\":{\"@id\":\"https:\/\/kuken.es\/#website\"},\"primaryImageOfPage\":{\"@id\":\"https:\/\/kuken.es\/blog\/2020\/04\/29\/cortapelo-multifuncion-11en1-kuken-premium\/#primaryimage\"},\"image\":{\"@id\":\"https:\/\/kuken.es\/blog\/2020\/04\/29\/cortapelo-multifuncion-11en1-kuken-premium\/#primaryimage\"},\"thumbnailUrl\":\"https:\/\/kuken.es\/wp-content\/uploads\/2020\/02\/34339_1.jpg\",\"datePublished\":\"2020-04-29T10:22:48+00:00\",\"dateModified\":\"2020-04-29T12:04:58+00:00\",\"description\":\"Con el cortapelo multifunci\u00f3n 11en1 kuken pr\u00e9mium, podr\u00e1s conseguir acabados profesionales con un \u00fanico dispositivo. Mas informaci\u00f3n en nuestro blog\",\"breadcrumb\":{\"@id\":\"https:\/\/kuken.es\/blog\/2020\/04\/29\/cortapelo-multifuncion-11en1-kuken-premium\/#breadcrumb\"},\"inLanguage\":\"en-GB\",\"potentialAction\":[{\"@type\":\"ReadAction\",\"target\":[\"https:\/\/kuken.es\/blog\/2020\/04\/29\/cortapelo-multifuncion-11en1-kuken-premium\/\"]}]},{\"@type\":\"ImageObject\",\"inLanguage\":\"en-GB\",\"@id\":\"https:\/\/kuken.es\/blog\/2020\/04\/29\/cortapelo-multifuncion-11en1-kuken-premium\/#primaryimage\",\"url\":\"https:\/\/kuken.es\/wp-content\/uploads\/2020\/02\/34339_1.jpg\",\"contentUrl\":\"https:\/\/kuken.es\/wp-content\/uploads\/2020\/02\/34339_1.jpg\",\"width\":2000,\"height\":2000},{\"@type\":\"BreadcrumbList\",\"@id\":\"https:\/\/kuken.es\/blog\/2020\/04\/29\/cortapelo-multifuncion-11en1-kuken-premium\/#breadcrumb\",\"itemListElement\":[{\"@type\":\"ListItem\",\"position\":1,\"name\":\"Portada\",\"item\":\"https:\/\/kuken.es\/\"},{\"@type\":\"ListItem\",\"position\":2,\"name\":\"Cortapelo multifunci\u00f3n 11en1 K\u00fcken Pr\u00e9mium\"}]},{\"@type\":\"WebSite\",\"@id\":\"https:\/\/kuken.es\/#website\",\"url\":\"https:\/\/kuken.es\/\",\"name\":\"K\u00fcken\",\"description\":\"Amplia gama de peque\u00f1o electrodom\u00e9stico k\u00fcken\",\"publisher\":{\"@id\":\"https:\/\/kuken.es\/#organization\"},\"potentialAction\":[{\"@type\":\"SearchAction\",\"target\":{\"@type\":\"EntryPoint\",\"urlTemplate\":\"https:\/\/kuken.es\/?s={search_term_string}\"},\"query-input\":{\"@type\":\"PropertyValueSpecification\",\"valueRequired\":true,\"valueName\":\"search_term_string\"}}],\"inLanguage\":\"en-GB\"},{\"@type\":\"Organization\",\"@id\":\"https:\/\/kuken.es\/#organization\",\"name\":\"Alfa Dyser\",\"url\":\"https:\/\/kuken.es\/\",\"logo\":{\"@type\":\"ImageObject\",\"inLanguage\":\"en-GB\",\"@id\":\"https:\/\/kuken.es\/#\/schema\/logo\/image\/\",\"url\":\"https:\/\/kuken.es\/wp-content\/uploads\/2019\/04\/kuken-logo.png\",\"contentUrl\":\"https:\/\/kuken.es\/wp-content\/uploads\/2019\/04\/kuken-logo.png\",\"width\":500,\"height\":191,\"caption\":\"Alfa Dyser\"},\"image\":{\"@id\":\"https:\/\/kuken.es\/#\/schema\/logo\/image\/\"},\"sameAs\":[\"https:\/\/es-es.facebook.com\/alfadyser\/\",\"https:\/\/www.instagram.com\/kuken_appliances\/\"]},{\"@type\":\"Person\",\"@id\":\"https:\/\/kuken.es\/#\/schema\/person\/eff2331e8b66b14cf263fbffae5a0358\",\"name\":\"Alfa Dyser\",\"image\":{\"@type\":\"ImageObject\",\"inLanguage\":\"en-GB\",\"@id\":\"https:\/\/kuken.es\/#\/schema\/person\/image\/\",\"url\":\"https:\/\/secure.gravatar.com\/avatar\/8c9a2fbb059cc143a6cc9e1f366820a820fce0d0ad854661740e2ddff3bec5a9?s=96&d=mm&r=g\",\"contentUrl\":\"https:\/\/secure.gravatar.com\/avatar\/8c9a2fbb059cc143a6cc9e1f366820a820fce0d0ad854661740e2ddff3bec5a9?s=96&d=mm&r=g\",\"caption\":\"Alfa Dyser\"},\"url\":\"https:\/\/kuken.es\/en\/blog\/author\/alfa\/\"}]}<\/script>\n<!-- \/ Yoast SEO Premium plugin. -->","yoast_head_json":{"title":"K\u00fcken Premium 11in1 multifunction hair clipper - K\u00fcken","description":"With the 11in1 kuken premium multifunction hair clipper, you can achieve a professional finish with just one device. More information on our blog","robots":{"index":"index","follow":"follow","max-snippet":"max-snippet:-1","max-image-preview":"max-image-preview:large","max-video-preview":"max-video-preview:-1"},"canonical":"https:\/\/kuken.es\/en\/blog\/2020\/04\/29\/multi-function-hair-clipper-11in1-kuken-premium\/","og_locale":"en_GB","og_type":"article","og_title":"Cortapelo multifunci\u00f3n 11en1 K\u00fcken Pr\u00e9mium","og_description":"Con el cortapelo multifunci\u00f3n 11en1 kuken pr\u00e9mium, podr\u00e1s conseguir acabados profesionales con un \u00fanico dispositivo. Mas informaci\u00f3n en nuestro blog","og_url":"https:\/\/kuken.es\/en\/blog\/2020\/04\/29\/multi-function-hair-clipper-11in1-kuken-premium\/","og_site_name":"K\u00fcken","article_publisher":"https:\/\/es-es.facebook.com\/alfadyser\/","article_published_time":"2020-04-29T10:22:48+00:00","article_modified_time":"2020-04-29T12:04:58+00:00","og_image":[{"width":2000,"height":2000,"url":"https:\/\/kuken.es\/wp-content\/uploads\/2020\/02\/34339_1.jpg","type":"image\/jpeg"}],"author":"Alfa Dyser","twitter_card":"summary_large_image","twitter_misc":{"Written by":"Alfa Dyser","Estimated reading time":"3 minutes"},"schema":{"@context":"https:\/\/schema.org","@graph":[{"@type":"Article","@id":"https:\/\/kuken.es\/blog\/2020\/04\/29\/cortapelo-multifuncion-11en1-kuken-premium\/#article","isPartOf":{"@id":"https:\/\/kuken.es\/blog\/2020\/04\/29\/cortapelo-multifuncion-11en1-kuken-premium\/"},"author":{"name":"Alfa Dyser","@id":"https:\/\/kuken.es\/#\/schema\/person\/eff2331e8b66b14cf263fbffae5a0358"},"headline":"Cortapelo multifunci\u00f3n 11en1 K\u00fcken Pr\u00e9mium","datePublished":"2020-04-29T10:22:48+00:00","dateModified":"2020-04-29T12:04:58+00:00","mainEntityOfPage":{"@id":"https:\/\/kuken.es\/blog\/2020\/04\/29\/cortapelo-multifuncion-11en1-kuken-premium\/"},"wordCount":702,"commentCount":0,"publisher":{"@id":"https:\/\/kuken.es\/#organization"},"image":{"@id":"https:\/\/kuken.es\/blog\/2020\/04\/29\/cortapelo-multifuncion-11en1-kuken-premium\/#primaryimage"},"thumbnailUrl":"https:\/\/kuken.es\/wp-content\/uploads\/2020\/02\/34339_1.jpg","articleSection":["Uncategorized"],"inLanguage":"en-GB","potentialAction":[{"@type":"CommentAction","name":"Comment","target":["https:\/\/kuken.es\/blog\/2020\/04\/29\/cortapelo-multifuncion-11en1-kuken-premium\/#respond"]}]},{"@type":"WebPage","@id":"https:\/\/kuken.es\/blog\/2020\/04\/29\/cortapelo-multifuncion-11en1-kuken-premium\/","url":"https:\/\/kuken.es\/blog\/2020\/04\/29\/cortapelo-multifuncion-11en1-kuken-premium\/","name":"K\u00fcken Premium 11in1 multifunction hair clipper - K\u00fcken","isPartOf":{"@id":"https:\/\/kuken.es\/#website"},"primaryImageOfPage":{"@id":"https:\/\/kuken.es\/blog\/2020\/04\/29\/cortapelo-multifuncion-11en1-kuken-premium\/#primaryimage"},"image":{"@id":"https:\/\/kuken.es\/blog\/2020\/04\/29\/cortapelo-multifuncion-11en1-kuken-premium\/#primaryimage"},"thumbnailUrl":"https:\/\/kuken.es\/wp-content\/uploads\/2020\/02\/34339_1.jpg","datePublished":"2020-04-29T10:22:48+00:00","dateModified":"2020-04-29T12:04:58+00:00","description":"With the 11in1 kuken premium multifunction hair clipper, you can achieve a professional finish with just one device. More information on our blog","breadcrumb":{"@id":"https:\/\/kuken.es\/blog\/2020\/04\/29\/cortapelo-multifuncion-11en1-kuken-premium\/#breadcrumb"},"inLanguage":"en-GB","potentialAction":[{"@type":"ReadAction","target":["https:\/\/kuken.es\/blog\/2020\/04\/29\/cortapelo-multifuncion-11en1-kuken-premium\/"]}]},{"@type":"ImageObject","inLanguage":"en-GB","@id":"https:\/\/kuken.es\/blog\/2020\/04\/29\/cortapelo-multifuncion-11en1-kuken-premium\/#primaryimage","url":"https:\/\/kuken.es\/wp-content\/uploads\/2020\/02\/34339_1.jpg","contentUrl":"https:\/\/kuken.es\/wp-content\/uploads\/2020\/02\/34339_1.jpg","width":2000,"height":2000},{"@type":"BreadcrumbList","@id":"https:\/\/kuken.es\/blog\/2020\/04\/29\/cortapelo-multifuncion-11en1-kuken-premium\/#breadcrumb","itemListElement":[{"@type":"ListItem","position":1,"name":"Portada","item":"https:\/\/kuken.es\/"},{"@type":"ListItem","position":2,"name":"Cortapelo multifunci\u00f3n 11en1 K\u00fcken Pr\u00e9mium"}]},{"@type":"WebSite","@id":"https:\/\/kuken.es\/#website","url":"https:\/\/kuken.es\/","name":"K\u00fcken","description":"Wide range of k\u00fcken small household appliances","publisher":{"@id":"https:\/\/kuken.es\/#organization"},"potentialAction":[{"@type":"SearchAction","target":{"@type":"EntryPoint","urlTemplate":"https:\/\/kuken.es\/?s={search_term_string}"},"query-input":{"@type":"PropertyValueSpecification","valueRequired":true,"valueName":"search_term_string"}}],"inLanguage":"en-GB"},{"@type":"Organization","@id":"https:\/\/kuken.es\/#organization","name":"Alpha Dyser","url":"https:\/\/kuken.es\/","logo":{"@type":"ImageObject","inLanguage":"en-GB","@id":"https:\/\/kuken.es\/#\/schema\/logo\/image\/","url":"https:\/\/kuken.es\/wp-content\/uploads\/2019\/04\/kuken-logo.png","contentUrl":"https:\/\/kuken.es\/wp-content\/uploads\/2019\/04\/kuken-logo.png","width":500,"height":191,"caption":"Alfa Dyser"},"image":{"@id":"https:\/\/kuken.es\/#\/schema\/logo\/image\/"},"sameAs":["https:\/\/es-es.facebook.com\/alfadyser\/","https:\/\/www.instagram.com\/kuken_appliances\/"]},{"@type":"Person","@id":"https:\/\/kuken.es\/#\/schema\/person\/eff2331e8b66b14cf263fbffae5a0358","name":"Alpha Dyser","image":{"@type":"ImageObject","inLanguage":"en-GB","@id":"https:\/\/kuken.es\/#\/schema\/person\/image\/","url":"https:\/\/secure.gravatar.com\/avatar\/8c9a2fbb059cc143a6cc9e1f366820a820fce0d0ad854661740e2ddff3bec5a9?s=96&d=mm&r=g","contentUrl":"https:\/\/secure.gravatar.com\/avatar\/8c9a2fbb059cc143a6cc9e1f366820a820fce0d0ad854661740e2ddff3bec5a9?s=96&d=mm&r=g","caption":"Alfa Dyser"},"url":"https:\/\/kuken.es\/en\/blog\/author\/alfa\/"}]}},"_links":{"self":[{"href":"https:\/\/kuken.es\/en\/wp-json\/wp\/v2\/posts\/878","targetHints":{"allow":["GET"]}}],"collection":[{"href":"https:\/\/kuken.es\/en\/wp-json\/wp\/v2\/posts"}],"about":[{"href":"https:\/\/kuken.es\/en\/wp-json\/wp\/v2\/types\/post"}],"author":[{"embeddable":true,"href":"https:\/\/kuken.es\/en\/wp-json\/wp\/v2\/users\/4"}],"replies":[{"embeddable":true,"href":"https:\/\/kuken.es\/en\/wp-json\/wp\/v2\/comments?post=878"}],"version-history":[{"count":0,"href":"https:\/\/kuken.es\/en\/wp-json\/wp\/v2\/posts\/878\/revisions"}],"wp:featuredmedia":[{"embeddable":true,"href":"https:\/\/kuken.es\/en\/wp-json\/wp\/v2\/media\/879"}],"wp:attachment":[{"href":"https:\/\/kuken.es\/en\/wp-json\/wp\/v2\/media?parent=878"}],"wp:term":[{"taxonomy":"category","embeddable":true,"href":"https:\/\/kuken.es\/en\/wp-json\/wp\/v2\/categories?post=878"},{"taxonomy":"post_tag","embeddable":true,"href":"https:\/\/kuken.es\/en\/wp-json\/wp\/v2\/tags?post=878"}],"curies":[{"name":"wp","href":"https:\/\/api.w.org\/{rel}","templated":true}]}}