{"id":855,"date":"2020-04-29T11:47:41","date_gmt":"2020-04-29T09:47:41","guid":{"rendered":"https:\/\/kuken.es\/?p=855"},"modified":"2020-04-29T11:52:13","modified_gmt":"2020-04-29T09:52:13","slug":"professional-ionic-ionic-kuken-premium-hair-dryer","status":"publish","type":"post","link":"https:\/\/kuken.es\/en\/blog\/2020\/04\/29\/professional-ionic-ionic-kuken-premium-hair-dryer\/","title":{"rendered":"ionic professional hair dryer k\u00fcken premium 2200w"},"content":{"rendered":"<div class=\"post_content_holder\">\n<div class=\"post_text\">\n<div class=\"post_text_inner\">\n<div class=\"vc_row wpb_row section vc_row-fluid\">\n<div class=\"full_section_inner clearfix\">\n<div class=\"wpb_column vc_column_container vc_col-sm-12\">\n<div class=\"vc_column-inner\">\n<div class=\"wpb_wrapper\">\n<div class=\"wpb_text_column wpb_content_element\">\n<div class=\"wpb_wrapper\">\n<blockquote>\n<h2 style=\"text-align: center;\" align=\"left\"><span style=\"font-size: 18pt;\"><b>Ionic dryer or normal dryer?<\/b><\/span><\/h2>\n<p>&nbsp;<\/p><\/blockquote>\n<\/div>\n<\/div>\n<div class=\"wpb_text_column wpb_content_element\">\n<div class=\"wpb_wrapper\">\n<p><span style=\"font-size: 12pt;\">Before we start with the advantages of an ionic hairdryer over a normal hairdryer, we will explain the concept of ionic technology...<\/span><br \/>\n<span style=\"font-size: 12pt;\">The ionic technology works by removing moisture from the hair and static electricity, as a result, you will avoid frizz and get a faster drying.<\/span><\/p>\n<p><span style=\"font-size: 12pt;\">A normal hairdryer only emits hot or cold air, so the main advantages of an ionic hairdryer are...<\/span><\/p>\n<ul>\n<li><span style=\"font-size: 12pt; color: #000000;\">To begin with,<strong> healthier and shinier hair:<\/strong> the hair does not suffer damage such as dryness and fibre breakage, as the air temperature of the dryer is lower than that of a normal dryer.<\/span><\/li>\n<li><span style=\"font-size: 12pt; color: #000000;\">Very important<strong>bactericidal effect:<\/strong> negative ions kill bacteria and other micro-organisms.<\/span><\/li>\n<li><span style=\"font-size: 12pt; color: #000000;\"><strong>Faster drying:<\/strong> drying time is reduced as it works by absorbing moisture from the hair.<\/span><\/li>\n<li><span style=\"font-size: 12pt; color: #000000;\">Finally, a <strong>perfect drying finish<\/strong>finishing with the cold air allows to fix the hairstyle and to obtain more shine.<\/span><\/li>\n<\/ul>\n<\/div>\n<\/div>\n<blockquote class=\"\">\n<h3 class=\"blockquote-text\"><span style=\"color: #ff0000; font-size: 16pt;\">As an ionic hair dryer option, k\u00fcken offers the professional hair dryer from the premium range.<\/span><\/h3>\n<\/blockquote>\n<\/div>\n<\/div>\n<\/div>\n<\/div>\n<\/div>\n<div class=\"vc_row wpb_row section vc_row-fluid\">\n<div class=\"full_section_inner clearfix\">\n<div class=\"wpb_column vc_column_container vc_col-sm-4\">\n<div class=\"vc_column-inner\">\n<div class=\"wpb_wrapper\">\n<div class=\"wpb_single_image wpb_content_element vc_align_left\">\n<div class=\"wpb_wrapper\">\n<div class=\"vc_single_image-wrapper vc_box_border_grey\"><span style=\"font-size: 14pt; font-weight: bold; color: #000000;\">The main features are detailed below:<\/span><\/div>\n<\/div>\n<\/div>\n<\/div>\n<\/div>\n<\/div>\n<\/div>\n<\/div>\n<div class=\"vc_row wpb_row section vc_row-fluid\">\n<div class=\"full_section_inner clearfix\">\n<div class=\"wpb_column vc_column_container vc_col-sm-12\">\n<div class=\"vc_column-inner\">\n<div class=\"wpb_wrapper\">\n<div class=\"wpb_text_column wpb_content_element\">\n<div class=\"wpb_wrapper\">\n<ul>\n<li><span style=\"font-size: 12pt; color: #000000;\">Power: 2200 W.<\/span><\/li>\n<li><span style=\"font-size: 12pt; color: #000000;\">Voltage: 220-240 V. - 50 Hz.<\/span><\/li>\n<li><span style=\"font-size: 12pt; color: #000000;\">Professional AC motor, quiet running, powerful airflow, long service life.<\/span><\/li>\n<li><span style=\"font-size: 12pt; color: #000000;\">Ion generator: reduces static electricity and frizz for silky, easy-to-clean hair with more shine.<\/span><\/li>\n<li><span style=\"font-size: 12pt; color: #000000;\">Anti-tangle rear grille.<\/span><\/li>\n<li><span style=\"font-size: 12pt; color: #000000;\">2-position speed selector.<\/span><\/li>\n<li><span style=\"font-size: 12pt; color: #000000;\">3-position temperature selector.<\/span><\/li>\n<li><span style=\"font-size: 12pt; color: #000000;\">Cold air button, keeps the hairstyle for a longer period of time.<\/span><\/li>\n<li><span style=\"font-size: 12pt; color: #000000;\">Ergonomic handle for better grip with power buttons.<\/span><\/li>\n<li><span style=\"font-size: 12pt; color: #000000;\">Air concentrator for smoothing.<\/span><\/li>\n<li><span style=\"font-size: 12pt; color: #000000;\">Professional diffuser and 2 nozzles.<\/span><\/li>\n<li><span style=\"font-size: 12pt; color: #000000;\">Hanging ring.<\/span><\/li>\n<li><span style=\"color: #000000;\"><span style=\"font-size: 12pt;\">Cable length: 1.80 m<\/span>s.<\/span><\/li>\n<\/ul>\n<blockquote><p><img loading=\"lazy\" decoding=\"async\" class=\"vc_single_image-img attachment-medium\" src=\"https:\/\/kuken.es\/wp-content\/uploads\/2019\/03\/33732_3-300x300.jpg\" sizes=\"auto, (max-width: 300px) 100vw, 300px\" srcset=\"https:\/\/kuken.es\/wp-content\/uploads\/2019\/03\/33732_3-300x300.jpg 300w, https:\/\/kuken.es\/wp-content\/uploads\/2019\/03\/33732_3-150x150.jpg 150w, https:\/\/kuken.es\/wp-content\/uploads\/2019\/03\/33732_3-768x768.jpg 768w, https:\/\/kuken.es\/wp-content\/uploads\/2019\/03\/33732_3-1024x1024.jpg 1024w, https:\/\/kuken.es\/wp-content\/uploads\/2019\/03\/33732_3-570x570.jpg 570w, https:\/\/kuken.es\/wp-content\/uploads\/2019\/03\/33732_3-500x500.jpg 500w, https:\/\/kuken.es\/wp-content\/uploads\/2019\/03\/33732_3-1000x1000.jpg 1000w, https:\/\/kuken.es\/wp-content\/uploads\/2019\/03\/33732_3-700x700.jpg 700w\" alt=\"\" width=\"300\" height=\"300\" \/><img loading=\"lazy\" decoding=\"async\" class=\"alignnone wp-image-4966\" src=\"https:\/\/kuken.es\/wp-content\/uploads\/32661_1-300x300.jpg\" alt=\"Ionic hair dryer\" width=\"340\" height=\"340\" \/> <img loading=\"lazy\" decoding=\"async\" class=\"alignnone wp-image-4967\" src=\"https:\/\/kuken.es\/wp-content\/uploads\/32661_2-300x300.jpg\" alt=\"Ionic hair dryer\" width=\"340\" height=\"340\" srcset=\"https:\/\/kuken.es\/wp-content\/uploads\/32661_2-300x300.jpg 300w, https:\/\/kuken.es\/wp-content\/uploads\/32661_2-1024x1024.jpg 1024w, https:\/\/kuken.es\/wp-content\/uploads\/32661_2-150x150.jpg 150w, https:\/\/kuken.es\/wp-content\/uploads\/32661_2-768x768.jpg 768w, https:\/\/kuken.es\/wp-content\/uploads\/32661_2-1536x1536.jpg 1536w, https:\/\/kuken.es\/wp-content\/uploads\/32661_2-146x146.jpg 146w, https:\/\/kuken.es\/wp-content\/uploads\/32661_2-50x50.jpg 50w, https:\/\/kuken.es\/wp-content\/uploads\/32661_2-75x75.jpg 75w, https:\/\/kuken.es\/wp-content\/uploads\/32661_2-85x85.jpg 85w, https:\/\/kuken.es\/wp-content\/uploads\/32661_2-80x80.jpg 80w, https:\/\/kuken.es\/wp-content\/uploads\/32661_2-450x450.jpg 450w, https:\/\/kuken.es\/wp-content\/uploads\/32661_2-600x600.jpg 600w, https:\/\/kuken.es\/wp-content\/uploads\/32661_2.jpg 2000w\" sizes=\"auto, (max-width:767px) 340px, 340px\" \/> <img loading=\"lazy\" decoding=\"async\" class=\"alignnone wp-image-4968\" src=\"https:\/\/kuken.es\/wp-content\/uploads\/32661_3-300x300.jpg\" alt=\"Ionic hair dryer\" width=\"333\" height=\"333\" srcset=\"https:\/\/kuken.es\/wp-content\/uploads\/32661_3-300x300.jpg 300w, https:\/\/kuken.es\/wp-content\/uploads\/32661_3-1024x1024.jpg 1024w, https:\/\/kuken.es\/wp-content\/uploads\/32661_3-150x150.jpg 150w, https:\/\/kuken.es\/wp-content\/uploads\/32661_3-768x768.jpg 768w, https:\/\/kuken.es\/wp-content\/uploads\/32661_3-1536x1536.jpg 1536w, https:\/\/kuken.es\/wp-content\/uploads\/32661_3-146x146.jpg 146w, https:\/\/kuken.es\/wp-content\/uploads\/32661_3-50x50.jpg 50w, https:\/\/kuken.es\/wp-content\/uploads\/32661_3-75x75.jpg 75w, https:\/\/kuken.es\/wp-content\/uploads\/32661_3-85x85.jpg 85w, https:\/\/kuken.es\/wp-content\/uploads\/32661_3-80x80.jpg 80w, https:\/\/kuken.es\/wp-content\/uploads\/32661_3-450x450.jpg 450w, https:\/\/kuken.es\/wp-content\/uploads\/32661_3-600x600.jpg 600w, https:\/\/kuken.es\/wp-content\/uploads\/32661_3.jpg 2000w\" sizes=\"auto, (max-width:767px) 333px, 333px\" \/><\/p><\/blockquote>\n<\/div>\n<\/div>\n<\/div>\n<\/div>\n<\/div>\n<\/div>\n<\/div>\n<div class=\"vc_row wpb_row section vc_row-fluid\">\n<div class=\"full_section_inner clearfix\">\n<div class=\"wpb_column vc_column_container vc_col-sm-12\">\n<div class=\"vc_column-inner\">\n<div class=\"wpb_wrapper\">\n<blockquote class=\"\">\n<h3 class=\"blockquote-text\"><span style=\"color: #ff0000; font-size: 16pt;\">Finally, a few hair drying tips...<\/span><\/h3>\n<\/blockquote>\n<div class=\"wpb_text_column wpb_content_element\">\n<div class=\"wpb_wrapper\">\n<ul>\n<li><span style=\"color: #000000; font-size: 12pt;\">Avoid drying at maximum temperature.<\/span><\/li>\n<li><span style=\"color: #000000; font-size: 12pt;\">It is recommended to keep the hairdryer at a distance of 20 cm from the hair.<\/span><\/li>\n<li><span style=\"color: #000000; font-size: 12pt;\">Do not apply heat for too long at one point.<\/span><\/li>\n<li><span style=\"color: #000000; font-size: 12pt;\">To dry your hair faster without damaging it, you can increase the power but at a lower temperature.<\/span><\/li>\n<li><span style=\"color: #000000; font-size: 12pt;\">The nozzles will help you to better concentrate the air intensity on the specific drying area.<\/span><\/li>\n<\/ul>\n<\/div>\n<\/div>\n<blockquote class=\"\">\n<h3 class=\"blockquote-text\"><span style=\"font-size: 16pt; color: #ff0000;\">Other dryer options<\/span><\/h3>\n<\/blockquote>\n<div class=\"wpb_text_column wpb_content_element\">\n<div class=\"wpb_wrapper\">\n<blockquote><p><span style=\"color: #3366ff;\"><strong><a style=\"color: #3366ff;\" href=\"https:\/\/kuken.es\/en\/secadores\/\">https:\/\/kuken.es\/secadores\/<\/a><\/strong><\/span><\/p><\/blockquote>\n<\/div>\n<\/div>\n<\/div>\n<\/div>\n<\/div>\n<\/div>\n<\/div>\n<div class=\"vc_row wpb_row section vc_row-fluid\">\n<div class=\"full_section_inner clearfix\">\n<div class=\"wpb_column vc_column_container vc_col-sm-12\">\n<div class=\"vc_column-inner\">\n<div class=\"wpb_wrapper\">\n<blockquote class=\"with_quote_icon\">\n<h3 class=\"blockquote-text\"><span style=\"color: #ff0000;\"><em><span style=\"font-size: 18pt;\">Available at your local hardware and small appliance shop.<\/span><\/em><\/span><\/h3>\n<\/blockquote>\n<\/div>\n<\/div>\n<\/div>\n<\/div>\n<\/div>\n<\/div>\n<\/div>\n<\/div>\n<div class=\"icon_social_holder\">\n<div class=\"blog_share qode_share\">\n<div class=\"social_share_holder\"><\/div>\n<\/div>\n<\/div>","protected":false},"excerpt":{"rendered":"<p>Ionic hair dryer or normal hair dryer?   Before we start with the advantages of an ionic hair dryer over a normal hairdryer, let's explain the concept<span class=\"excerpt-hellip\"> [...]<\/span><\/p>","protected":false},"author":4,"featured_media":4966,"comment_status":"open","ping_status":"open","sticky":false,"template":"","format":"standard","meta":{"footnotes":""},"categories":[1],"tags":[],"class_list":["post-855","post","type-post","status-publish","format-standard","has-post-thumbnail","hentry","category-uncategorized"],"yoast_head":"<!-- This site is optimized with the Yoast SEO Premium plugin v24.0 (Yoast SEO v26.5) - https:\/\/yoast.com\/wordpress\/plugins\/seo\/ -->\n<title>Secador de pelo ionic profesional k\u00fcken premium 2200w - K\u00fcken<\/title>\n<meta name=\"description\" content=\"Con Secador de pelo ionic profesional k\u00fcken premium, elimina la humedad y as\u00ed evitar\u00e1s el encrespamiento; adem\u00e1s de obtener un secado m\u00e1s r\u00e1pido.\" \/>\n<meta name=\"robots\" content=\"index, follow, max-snippet:-1, max-image-preview:large, max-video-preview:-1\" \/>\n<link rel=\"canonical\" href=\"https:\/\/kuken.es\/en\/blog\/2020\/04\/29\/professional-ionic-ionic-kuken-premium-hair-dryer\/\" \/>\n<meta property=\"og:locale\" content=\"en_GB\" \/>\n<meta property=\"og:type\" content=\"article\" \/>\n<meta property=\"og:title\" content=\"Secador de pelo ionic profesional k\u00fcken premium 2200w\" \/>\n<meta property=\"og:description\" content=\"Con Secador de pelo ionic profesional k\u00fcken premium, elimina la humedad y as\u00ed evitar\u00e1s el encrespamiento; adem\u00e1s de obtener un secado m\u00e1s r\u00e1pido.\" \/>\n<meta property=\"og:url\" content=\"https:\/\/kuken.es\/en\/blog\/2020\/04\/29\/professional-ionic-ionic-kuken-premium-hair-dryer\/\" \/>\n<meta property=\"og:site_name\" content=\"K\u00fcken\" \/>\n<meta property=\"article:publisher\" content=\"https:\/\/es-es.facebook.com\/alfadyser\/\" \/>\n<meta property=\"article:published_time\" content=\"2020-04-29T09:47:41+00:00\" \/>\n<meta property=\"article:modified_time\" content=\"2020-04-29T09:52:13+00:00\" \/>\n<meta property=\"og:image\" content=\"https:\/\/kuken.es\/wp-content\/uploads\/32661_1-e1588153901817.jpg\" \/>\n\t<meta property=\"og:image:width\" content=\"1835\" \/>\n\t<meta property=\"og:image:height\" content=\"1075\" \/>\n\t<meta property=\"og:image:type\" content=\"image\/jpeg\" \/>\n<meta name=\"author\" content=\"Alfa Dyser\" \/>\n<meta name=\"twitter:card\" content=\"summary_large_image\" \/>\n<meta name=\"twitter:label1\" content=\"Written by\" \/>\n\t<meta name=\"twitter:data1\" content=\"Alfa Dyser\" \/>\n\t<meta name=\"twitter:label2\" content=\"Estimated reading time\" \/>\n\t<meta name=\"twitter:data2\" content=\"2 minutes\" \/>\n<script type=\"application\/ld+json\" class=\"yoast-schema-graph\">{\"@context\":\"https:\/\/schema.org\",\"@graph\":[{\"@type\":\"Article\",\"@id\":\"https:\/\/kuken.es\/blog\/2020\/04\/29\/secador-de-pelo-profesional-ionic-kuken-premium\/#article\",\"isPartOf\":{\"@id\":\"https:\/\/kuken.es\/blog\/2020\/04\/29\/secador-de-pelo-profesional-ionic-kuken-premium\/\"},\"author\":{\"name\":\"Alfa Dyser\",\"@id\":\"https:\/\/kuken.es\/#\/schema\/person\/eff2331e8b66b14cf263fbffae5a0358\"},\"headline\":\"Secador de pelo ionic profesional k\u00fcken premium 2200w\",\"datePublished\":\"2020-04-29T09:47:41+00:00\",\"dateModified\":\"2020-04-29T09:52:13+00:00\",\"mainEntityOfPage\":{\"@id\":\"https:\/\/kuken.es\/blog\/2020\/04\/29\/secador-de-pelo-profesional-ionic-kuken-premium\/\"},\"wordCount\":410,\"commentCount\":0,\"publisher\":{\"@id\":\"https:\/\/kuken.es\/#organization\"},\"image\":{\"@id\":\"https:\/\/kuken.es\/blog\/2020\/04\/29\/secador-de-pelo-profesional-ionic-kuken-premium\/#primaryimage\"},\"thumbnailUrl\":\"https:\/\/kuken.es\/wp-content\/uploads\/32661_1-e1588153901817.jpg\",\"articleSection\":[\"Uncategorized\"],\"inLanguage\":\"en-GB\",\"potentialAction\":[{\"@type\":\"CommentAction\",\"name\":\"Comment\",\"target\":[\"https:\/\/kuken.es\/blog\/2020\/04\/29\/secador-de-pelo-profesional-ionic-kuken-premium\/#respond\"]}]},{\"@type\":\"WebPage\",\"@id\":\"https:\/\/kuken.es\/blog\/2020\/04\/29\/secador-de-pelo-profesional-ionic-kuken-premium\/\",\"url\":\"https:\/\/kuken.es\/blog\/2020\/04\/29\/secador-de-pelo-profesional-ionic-kuken-premium\/\",\"name\":\"Secador de pelo ionic profesional k\u00fcken premium 2200w - K\u00fcken\",\"isPartOf\":{\"@id\":\"https:\/\/kuken.es\/#website\"},\"primaryImageOfPage\":{\"@id\":\"https:\/\/kuken.es\/blog\/2020\/04\/29\/secador-de-pelo-profesional-ionic-kuken-premium\/#primaryimage\"},\"image\":{\"@id\":\"https:\/\/kuken.es\/blog\/2020\/04\/29\/secador-de-pelo-profesional-ionic-kuken-premium\/#primaryimage\"},\"thumbnailUrl\":\"https:\/\/kuken.es\/wp-content\/uploads\/32661_1-e1588153901817.jpg\",\"datePublished\":\"2020-04-29T09:47:41+00:00\",\"dateModified\":\"2020-04-29T09:52:13+00:00\",\"description\":\"Con Secador de pelo ionic profesional k\u00fcken premium, elimina la humedad y as\u00ed evitar\u00e1s el encrespamiento; adem\u00e1s de obtener un secado m\u00e1s r\u00e1pido.\",\"breadcrumb\":{\"@id\":\"https:\/\/kuken.es\/blog\/2020\/04\/29\/secador-de-pelo-profesional-ionic-kuken-premium\/#breadcrumb\"},\"inLanguage\":\"en-GB\",\"potentialAction\":[{\"@type\":\"ReadAction\",\"target\":[\"https:\/\/kuken.es\/blog\/2020\/04\/29\/secador-de-pelo-profesional-ionic-kuken-premium\/\"]}]},{\"@type\":\"ImageObject\",\"inLanguage\":\"en-GB\",\"@id\":\"https:\/\/kuken.es\/blog\/2020\/04\/29\/secador-de-pelo-profesional-ionic-kuken-premium\/#primaryimage\",\"url\":\"https:\/\/kuken.es\/wp-content\/uploads\/32661_1-e1588153901817.jpg\",\"contentUrl\":\"https:\/\/kuken.es\/wp-content\/uploads\/32661_1-e1588153901817.jpg\",\"width\":1835,\"height\":1075},{\"@type\":\"BreadcrumbList\",\"@id\":\"https:\/\/kuken.es\/blog\/2020\/04\/29\/secador-de-pelo-profesional-ionic-kuken-premium\/#breadcrumb\",\"itemListElement\":[{\"@type\":\"ListItem\",\"position\":1,\"name\":\"Portada\",\"item\":\"https:\/\/kuken.es\/\"},{\"@type\":\"ListItem\",\"position\":2,\"name\":\"Secador de pelo ionic profesional k\u00fcken premium 2200w\"}]},{\"@type\":\"WebSite\",\"@id\":\"https:\/\/kuken.es\/#website\",\"url\":\"https:\/\/kuken.es\/\",\"name\":\"K\u00fcken\",\"description\":\"Amplia gama de peque\u00f1o electrodom\u00e9stico k\u00fcken\",\"publisher\":{\"@id\":\"https:\/\/kuken.es\/#organization\"},\"potentialAction\":[{\"@type\":\"SearchAction\",\"target\":{\"@type\":\"EntryPoint\",\"urlTemplate\":\"https:\/\/kuken.es\/?s={search_term_string}\"},\"query-input\":{\"@type\":\"PropertyValueSpecification\",\"valueRequired\":true,\"valueName\":\"search_term_string\"}}],\"inLanguage\":\"en-GB\"},{\"@type\":\"Organization\",\"@id\":\"https:\/\/kuken.es\/#organization\",\"name\":\"Alfa Dyser\",\"url\":\"https:\/\/kuken.es\/\",\"logo\":{\"@type\":\"ImageObject\",\"inLanguage\":\"en-GB\",\"@id\":\"https:\/\/kuken.es\/#\/schema\/logo\/image\/\",\"url\":\"https:\/\/kuken.es\/wp-content\/uploads\/2019\/04\/kuken-logo.png\",\"contentUrl\":\"https:\/\/kuken.es\/wp-content\/uploads\/2019\/04\/kuken-logo.png\",\"width\":500,\"height\":191,\"caption\":\"Alfa Dyser\"},\"image\":{\"@id\":\"https:\/\/kuken.es\/#\/schema\/logo\/image\/\"},\"sameAs\":[\"https:\/\/es-es.facebook.com\/alfadyser\/\",\"https:\/\/www.instagram.com\/kuken_appliances\/\"]},{\"@type\":\"Person\",\"@id\":\"https:\/\/kuken.es\/#\/schema\/person\/eff2331e8b66b14cf263fbffae5a0358\",\"name\":\"Alfa Dyser\",\"image\":{\"@type\":\"ImageObject\",\"inLanguage\":\"en-GB\",\"@id\":\"https:\/\/kuken.es\/#\/schema\/person\/image\/\",\"url\":\"https:\/\/secure.gravatar.com\/avatar\/8c9a2fbb059cc143a6cc9e1f366820a820fce0d0ad854661740e2ddff3bec5a9?s=96&d=mm&r=g\",\"contentUrl\":\"https:\/\/secure.gravatar.com\/avatar\/8c9a2fbb059cc143a6cc9e1f366820a820fce0d0ad854661740e2ddff3bec5a9?s=96&d=mm&r=g\",\"caption\":\"Alfa Dyser\"},\"url\":\"https:\/\/kuken.es\/en\/blog\/author\/alfa\/\"}]}<\/script>\n<!-- \/ Yoast SEO Premium plugin. -->","yoast_head_json":{"title":"ionic professional hair dryer k\u00fcken premium 2200w - K\u00fcken","description":"With the k\u00fcken premium professional ionic hair dryer, it removes humidity and thus prevents frizz and dries faster.","robots":{"index":"index","follow":"follow","max-snippet":"max-snippet:-1","max-image-preview":"max-image-preview:large","max-video-preview":"max-video-preview:-1"},"canonical":"https:\/\/kuken.es\/en\/blog\/2020\/04\/29\/professional-ionic-ionic-kuken-premium-hair-dryer\/","og_locale":"en_GB","og_type":"article","og_title":"Secador de pelo ionic profesional k\u00fcken premium 2200w","og_description":"Con Secador de pelo ionic profesional k\u00fcken premium, elimina la humedad y as\u00ed evitar\u00e1s el encrespamiento; adem\u00e1s de obtener un secado m\u00e1s r\u00e1pido.","og_url":"https:\/\/kuken.es\/en\/blog\/2020\/04\/29\/professional-ionic-ionic-kuken-premium-hair-dryer\/","og_site_name":"K\u00fcken","article_publisher":"https:\/\/es-es.facebook.com\/alfadyser\/","article_published_time":"2020-04-29T09:47:41+00:00","article_modified_time":"2020-04-29T09:52:13+00:00","og_image":[{"width":1835,"height":1075,"url":"https:\/\/kuken.es\/wp-content\/uploads\/32661_1-e1588153901817.jpg","type":"image\/jpeg"}],"author":"Alfa Dyser","twitter_card":"summary_large_image","twitter_misc":{"Written by":"Alfa Dyser","Estimated reading time":"2 minutes"},"schema":{"@context":"https:\/\/schema.org","@graph":[{"@type":"Article","@id":"https:\/\/kuken.es\/blog\/2020\/04\/29\/secador-de-pelo-profesional-ionic-kuken-premium\/#article","isPartOf":{"@id":"https:\/\/kuken.es\/blog\/2020\/04\/29\/secador-de-pelo-profesional-ionic-kuken-premium\/"},"author":{"name":"Alfa Dyser","@id":"https:\/\/kuken.es\/#\/schema\/person\/eff2331e8b66b14cf263fbffae5a0358"},"headline":"Secador de pelo ionic profesional k\u00fcken premium 2200w","datePublished":"2020-04-29T09:47:41+00:00","dateModified":"2020-04-29T09:52:13+00:00","mainEntityOfPage":{"@id":"https:\/\/kuken.es\/blog\/2020\/04\/29\/secador-de-pelo-profesional-ionic-kuken-premium\/"},"wordCount":410,"commentCount":0,"publisher":{"@id":"https:\/\/kuken.es\/#organization"},"image":{"@id":"https:\/\/kuken.es\/blog\/2020\/04\/29\/secador-de-pelo-profesional-ionic-kuken-premium\/#primaryimage"},"thumbnailUrl":"https:\/\/kuken.es\/wp-content\/uploads\/32661_1-e1588153901817.jpg","articleSection":["Uncategorized"],"inLanguage":"en-GB","potentialAction":[{"@type":"CommentAction","name":"Comment","target":["https:\/\/kuken.es\/blog\/2020\/04\/29\/secador-de-pelo-profesional-ionic-kuken-premium\/#respond"]}]},{"@type":"WebPage","@id":"https:\/\/kuken.es\/blog\/2020\/04\/29\/secador-de-pelo-profesional-ionic-kuken-premium\/","url":"https:\/\/kuken.es\/blog\/2020\/04\/29\/secador-de-pelo-profesional-ionic-kuken-premium\/","name":"ionic professional hair dryer k\u00fcken premium 2200w - K\u00fcken","isPartOf":{"@id":"https:\/\/kuken.es\/#website"},"primaryImageOfPage":{"@id":"https:\/\/kuken.es\/blog\/2020\/04\/29\/secador-de-pelo-profesional-ionic-kuken-premium\/#primaryimage"},"image":{"@id":"https:\/\/kuken.es\/blog\/2020\/04\/29\/secador-de-pelo-profesional-ionic-kuken-premium\/#primaryimage"},"thumbnailUrl":"https:\/\/kuken.es\/wp-content\/uploads\/32661_1-e1588153901817.jpg","datePublished":"2020-04-29T09:47:41+00:00","dateModified":"2020-04-29T09:52:13+00:00","description":"With the k\u00fcken premium professional ionic hair dryer, it removes humidity and thus prevents frizz and dries faster.","breadcrumb":{"@id":"https:\/\/kuken.es\/blog\/2020\/04\/29\/secador-de-pelo-profesional-ionic-kuken-premium\/#breadcrumb"},"inLanguage":"en-GB","potentialAction":[{"@type":"ReadAction","target":["https:\/\/kuken.es\/blog\/2020\/04\/29\/secador-de-pelo-profesional-ionic-kuken-premium\/"]}]},{"@type":"ImageObject","inLanguage":"en-GB","@id":"https:\/\/kuken.es\/blog\/2020\/04\/29\/secador-de-pelo-profesional-ionic-kuken-premium\/#primaryimage","url":"https:\/\/kuken.es\/wp-content\/uploads\/32661_1-e1588153901817.jpg","contentUrl":"https:\/\/kuken.es\/wp-content\/uploads\/32661_1-e1588153901817.jpg","width":1835,"height":1075},{"@type":"BreadcrumbList","@id":"https:\/\/kuken.es\/blog\/2020\/04\/29\/secador-de-pelo-profesional-ionic-kuken-premium\/#breadcrumb","itemListElement":[{"@type":"ListItem","position":1,"name":"Portada","item":"https:\/\/kuken.es\/"},{"@type":"ListItem","position":2,"name":"Secador de pelo ionic profesional k\u00fcken premium 2200w"}]},{"@type":"WebSite","@id":"https:\/\/kuken.es\/#website","url":"https:\/\/kuken.es\/","name":"K\u00fcken","description":"Wide range of k\u00fcken small household appliances","publisher":{"@id":"https:\/\/kuken.es\/#organization"},"potentialAction":[{"@type":"SearchAction","target":{"@type":"EntryPoint","urlTemplate":"https:\/\/kuken.es\/?s={search_term_string}"},"query-input":{"@type":"PropertyValueSpecification","valueRequired":true,"valueName":"search_term_string"}}],"inLanguage":"en-GB"},{"@type":"Organization","@id":"https:\/\/kuken.es\/#organization","name":"Alpha Dyser","url":"https:\/\/kuken.es\/","logo":{"@type":"ImageObject","inLanguage":"en-GB","@id":"https:\/\/kuken.es\/#\/schema\/logo\/image\/","url":"https:\/\/kuken.es\/wp-content\/uploads\/2019\/04\/kuken-logo.png","contentUrl":"https:\/\/kuken.es\/wp-content\/uploads\/2019\/04\/kuken-logo.png","width":500,"height":191,"caption":"Alfa Dyser"},"image":{"@id":"https:\/\/kuken.es\/#\/schema\/logo\/image\/"},"sameAs":["https:\/\/es-es.facebook.com\/alfadyser\/","https:\/\/www.instagram.com\/kuken_appliances\/"]},{"@type":"Person","@id":"https:\/\/kuken.es\/#\/schema\/person\/eff2331e8b66b14cf263fbffae5a0358","name":"Alpha Dyser","image":{"@type":"ImageObject","inLanguage":"en-GB","@id":"https:\/\/kuken.es\/#\/schema\/person\/image\/","url":"https:\/\/secure.gravatar.com\/avatar\/8c9a2fbb059cc143a6cc9e1f366820a820fce0d0ad854661740e2ddff3bec5a9?s=96&d=mm&r=g","contentUrl":"https:\/\/secure.gravatar.com\/avatar\/8c9a2fbb059cc143a6cc9e1f366820a820fce0d0ad854661740e2ddff3bec5a9?s=96&d=mm&r=g","caption":"Alfa Dyser"},"url":"https:\/\/kuken.es\/en\/blog\/author\/alfa\/"}]}},"_links":{"self":[{"href":"https:\/\/kuken.es\/en\/wp-json\/wp\/v2\/posts\/855","targetHints":{"allow":["GET"]}}],"collection":[{"href":"https:\/\/kuken.es\/en\/wp-json\/wp\/v2\/posts"}],"about":[{"href":"https:\/\/kuken.es\/en\/wp-json\/wp\/v2\/types\/post"}],"author":[{"embeddable":true,"href":"https:\/\/kuken.es\/en\/wp-json\/wp\/v2\/users\/4"}],"replies":[{"embeddable":true,"href":"https:\/\/kuken.es\/en\/wp-json\/wp\/v2\/comments?post=855"}],"version-history":[{"count":0,"href":"https:\/\/kuken.es\/en\/wp-json\/wp\/v2\/posts\/855\/revisions"}],"wp:featuredmedia":[{"embeddable":true,"href":"https:\/\/kuken.es\/en\/wp-json\/wp\/v2\/media\/4966"}],"wp:attachment":[{"href":"https:\/\/kuken.es\/en\/wp-json\/wp\/v2\/media?parent=855"}],"wp:term":[{"taxonomy":"category","embeddable":true,"href":"https:\/\/kuken.es\/en\/wp-json\/wp\/v2\/categories?post=855"},{"taxonomy":"post_tag","embeddable":true,"href":"https:\/\/kuken.es\/en\/wp-json\/wp\/v2\/tags?post=855"}],"curies":[{"name":"wp","href":"https:\/\/api.w.org\/{rel}","templated":true}]}}