{"id":878,"date":"2020-04-29T12:22:48","date_gmt":"2020-04-29T10:22:48","guid":{"rendered":"https:\/\/kuken.es\/?p=878"},"modified":"2020-04-29T14:04:58","modified_gmt":"2020-04-29T12:04:58","slug":"multifunktions-haarschneidemaschine-11in1-kuken-premium","status":"publish","type":"post","link":"https:\/\/kuken.es\/de\/blog\/2020\/04\/29\/multifunktions-haarschneidemaschine-11in1-kuken-premium\/","title":{"rendered":"K\u00fcken Premium 11in1 Multifunktions-Haarschneidemaschine"},"content":{"rendered":"<div class=\"vc_row wpb_row section vc_row-fluid\">\n<div class=\"full_section_inner clearfix\">\n<div class=\"wpb_column vc_column_container vc_col-sm-12\">\n<div class=\"vc_column-inner\">\n<div class=\"wpb_wrapper\">\n<div class=\"wpb_single_image wpb_content_element vc_align_center\">\n<div class=\"wpb_wrapper\">\n<div class=\"vc_single_image-wrapper vc_box_border_grey\"><\/div>\n<\/div>\n<\/div>\n<div class=\"vc_empty_space\"><\/div>\n<\/div>\n<\/div>\n<\/div>\n<\/div>\n<\/div>\n<div class=\"vc_row wpb_row section vc_row-fluid\">\n<div class=\"full_section_inner clearfix\">\n<div class=\"wpb_column vc_column_container vc_col-sm-12\">\n<div class=\"vc_column-inner\">\n<div class=\"wpb_wrapper\">\n<div class=\"wpb_text_column wpb_content_element\">\n<div class=\"wpb_wrapper\">\n<h2 style=\"text-align: center;\"><span style=\"font-size: 18pt;\"><strong>Multifunktions-Haarschneidemaschine<\/strong><\/span><\/h2>\n<blockquote>\n<h3><span style=\"font-size: 16pt; color: #ff0000;\">Wissen Sie, was Sie mit der Multifunktions-Haarschneidemaschine alles machen k\u00f6nnen?<\/span><\/h3>\n<\/blockquote>\n<\/div>\n<\/div>\n<div class=\"vc_empty_space\"><\/div>\n<div class=\"wpb_text_column wpb_content_element\">\n<div class=\"wpb_wrapper\">\n<p><span style=\"color: #000000; font-size: 12pt;\">Wenn Sie eine Multifunktions-Haarschneidemaschine kaufen, machen Sie eine gute Investition, denn die M\u00f6glichkeiten, die Sie mit diesen Kits haben, sind vielf\u00e4ltig und abwechslungsreich. Mit einem einzigen Ger\u00e4t k\u00f6nnen Sie an jeder K\u00f6rperstelle ein wirklich professionelles Finish erzielen; Sie m\u00fcssen nur die verschiedenen, im Multifunktions-Haarschneider enthaltenen Zubeh\u00f6rteile austauschen.<\/span><br \/>\n<span style=\"color: #000000; font-size: 12pt;\">Innerhalb unseres Sortiments an k\u00fcken Haarschneidemaschinen und Rasierern pr\u00e4sentieren wir Ihnen heute die k\u00fcken Premium 11-in-1 Multifunktions-Haarschneidemaschine, eine der komplettesten Haarschneidemaschinen, die Sie auf dem Markt finden k\u00f6nnen.<\/span><\/p>\n<\/div>\n<\/div>\n<blockquote>\n<h3 class=\"vc_empty_space\"><span style=\"color: #ff0000; font-size: 16pt;\">Zun\u00e4chst einmal sind da die vielen Funktionen<\/span><\/h3>\n<\/blockquote>\n<p>&nbsp;<\/p>\n<div class=\"wpb_text_column wpb_content_element\">\n<div class=\"wpb_wrapper\">\n<ul>\n<li><span style=\"font-size: 12pt; color: #000000;\"><strong>Haare schneiden.<\/strong> Sie haben eine Vielzahl von M\u00f6glichkeiten, um das ideale Ergebnis zu erzielen. Sie k\u00f6nnen zwischen den 4 K\u00e4mmen w\u00e4hlen, die im Lieferumfang unserer Haarschneidemaschine enthalten sind. In Kombination mit der Pr\u00e4zisionsklinge erhalten Sie eine Schnittl\u00e4nge von 3, 6, 9 und 12 mm. Und wenn Sie ein noch feineres Finish w\u00fcnschen, k\u00f6nnen Sie zwischen den 4 Positionen w\u00e4hlen, die unsere Rasierklinge zusammen mit ihrem speziellen Kamm bietet, um Schnittl\u00e4ngen zwischen 4 und 5,5 mm zu erreichen.<\/span><\/li>\n<li><span style=\"font-size: 12pt; color: #000000;\"><strong>Trimmen und Gestalten des Bartes.<\/strong> Zus\u00e4tzlich zu den oben erw\u00e4hnten Pr\u00e4zisions- und Rasierklingen sowie den K\u00e4mmen k\u00f6nnen Sie auch eines der anderen Zubeh\u00f6rteile unserer k\u00fcken Haarschneidemaschinen verwenden: die Konturierklinge. Mit dieser Klinge k\u00f6nnen Sie Kanten und Winkel f\u00fcr ein professionelles Aussehen definieren.<\/span><\/li>\n<li><span style=\"font-size: 12pt; color: #000000;\"><strong>Trimmen von Nasen-, Ohren- und Augenbrauenhaaren.<\/strong> Mit einem der anderen K\u00f6pfe k\u00f6nnen Sie Nasen-, Ohren- und Augenbrauenhaare pr\u00e4zise und ohne Ziehen schneiden.<\/span><\/li>\n<li><span style=\"font-size: 12pt; color: #000000;\"><strong>Wachsen des K\u00f6rpers.<\/strong> Eine weitere Option, die unser k\u00fcken Multifunktions-Haarschneider bietet, ist die M\u00f6glichkeit, unsere K\u00f6rperhaare (Beine, Arme, Brust, Achselh\u00f6hlen...) zu trimmen, wobei Sie zwischen 3 verschiedenen Schnittgr\u00f6\u00dfen w\u00e4hlen k\u00f6nnen, je nachdem, welches Finish Sie erreichen m\u00f6chten.<\/span><br \/>\n<span style=\"font-size: 12pt; color: #000000;\">Und wenn Sie die K\u00f6rperhaare vollst\u00e4ndig entfernen m\u00f6chten, verwenden wir den Scherkopf mit integriertem Rasierer, der in unserem Multifunktionsset enthalten ist.<\/span><\/li>\n<\/ul>\n<\/div>\n<\/div>\n<\/div>\n<\/div>\n<\/div>\n<\/div>\n<\/div>\n<div class=\"vc_row wpb_row section vc_row-fluid\">\n<div class=\"full_section_inner clearfix\">\n<div class=\"wpb_column vc_column_container vc_col-sm-4\">\n<div class=\"vc_column-inner\">\u00a0\u00a0 <img loading=\"lazy\" decoding=\"async\" class=\"alignnone wp-image-3679\" src=\"https:\/\/kuken.es\/wp-content\/uploads\/2020\/03\/Corta-pelo-corta-Y-BARBA-RECARGABLE-5W-11-EN-1-KUKEN-2-300x286.jpg\" alt=\"\" width=\"292\" height=\"278\" srcset=\"https:\/\/kuken.es\/wp-content\/uploads\/2020\/03\/Corta-pelo-corta-Y-BARBA-RECARGABLE-5W-11-EN-1-KUKEN-2-300x286.jpg 300w, https:\/\/kuken.es\/wp-content\/uploads\/2020\/03\/Corta-pelo-corta-Y-BARBA-RECARGABLE-5W-11-EN-1-KUKEN-2-600x571.jpg 600w, https:\/\/kuken.es\/wp-content\/uploads\/2020\/03\/Corta-pelo-corta-Y-BARBA-RECARGABLE-5W-11-EN-1-KUKEN-2-768x731.jpg 768w, https:\/\/kuken.es\/wp-content\/uploads\/2020\/03\/Corta-pelo-corta-Y-BARBA-RECARGABLE-5W-11-EN-1-KUKEN-2-153x146.jpg 153w, https:\/\/kuken.es\/wp-content\/uploads\/2020\/03\/Corta-pelo-corta-Y-BARBA-RECARGABLE-5W-11-EN-1-KUKEN-2-50x48.jpg 50w, https:\/\/kuken.es\/wp-content\/uploads\/2020\/03\/Corta-pelo-corta-Y-BARBA-RECARGABLE-5W-11-EN-1-KUKEN-2-79x75.jpg 79w, https:\/\/kuken.es\/wp-content\/uploads\/2020\/03\/Corta-pelo-corta-Y-BARBA-RECARGABLE-5W-11-EN-1-KUKEN-2.jpg 896w\" sizes=\"auto, (max-width:767px) 292px, 292px\" \/> <img loading=\"lazy\" decoding=\"async\" class=\"alignnone wp-image-3675\" src=\"https:\/\/kuken.es\/wp-content\/uploads\/2020\/03\/Corta-pelo-corta-PROFESIONAL-RECARGABLE-5W-9-EN-1-KUKEN-2-300x300.jpg\" alt=\"\" width=\"283\" height=\"283\" srcset=\"https:\/\/kuken.es\/wp-content\/uploads\/2020\/03\/Corta-pelo-corta-PROFESIONAL-RECARGABLE-5W-9-EN-1-KUKEN-2-300x300.jpg 300w, https:\/\/kuken.es\/wp-content\/uploads\/2020\/03\/Corta-pelo-corta-PROFESIONAL-RECARGABLE-5W-9-EN-1-KUKEN-2-450x450.jpg 450w, https:\/\/kuken.es\/wp-content\/uploads\/2020\/03\/Corta-pelo-corta-PROFESIONAL-RECARGABLE-5W-9-EN-1-KUKEN-2-600x600.jpg 600w, https:\/\/kuken.es\/wp-content\/uploads\/2020\/03\/Corta-pelo-corta-PROFESIONAL-RECARGABLE-5W-9-EN-1-KUKEN-2-150x150.jpg 150w, https:\/\/kuken.es\/wp-content\/uploads\/2020\/03\/Corta-pelo-corta-PROFESIONAL-RECARGABLE-5W-9-EN-1-KUKEN-2-768x768.jpg 768w, https:\/\/kuken.es\/wp-content\/uploads\/2020\/03\/Corta-pelo-corta-PROFESIONAL-RECARGABLE-5W-9-EN-1-KUKEN-2-146x146.jpg 146w, https:\/\/kuken.es\/wp-content\/uploads\/2020\/03\/Corta-pelo-corta-PROFESIONAL-RECARGABLE-5W-9-EN-1-KUKEN-2-50x50.jpg 50w, https:\/\/kuken.es\/wp-content\/uploads\/2020\/03\/Corta-pelo-corta-PROFESIONAL-RECARGABLE-5W-9-EN-1-KUKEN-2-75x75.jpg 75w, https:\/\/kuken.es\/wp-content\/uploads\/2020\/03\/Corta-pelo-corta-PROFESIONAL-RECARGABLE-5W-9-EN-1-KUKEN-2-85x85.jpg 85w, https:\/\/kuken.es\/wp-content\/uploads\/2020\/03\/Corta-pelo-corta-PROFESIONAL-RECARGABLE-5W-9-EN-1-KUKEN-2-80x80.jpg 80w, https:\/\/kuken.es\/wp-content\/uploads\/2020\/03\/Corta-pelo-corta-PROFESIONAL-RECARGABLE-5W-9-EN-1-KUKEN-2.jpg 853w\" sizes=\"auto, (max-width:767px) 283px, 283px\" \/> <img loading=\"lazy\" decoding=\"async\" class=\"alignnone wp-image-3673\" src=\"https:\/\/kuken.es\/wp-content\/uploads\/2020\/03\/Corta-pelo-corta-PROFESIONAL-RECARGABLE-5W-9-EN-1-KUKEN-300x300.jpg\" alt=\"PROFESSIONAL 5W 9 IN 1 KUKEN PROFESSIONAL 5W RECHARGEABLE Haarschneidemaschine \/ Trimmer\" width=\"291\" height=\"291\" srcset=\"https:\/\/kuken.es\/wp-content\/uploads\/2020\/03\/Corta-pelo-corta-PROFESIONAL-RECARGABLE-5W-9-EN-1-KUKEN-300x300.jpg 300w, https:\/\/kuken.es\/wp-content\/uploads\/2020\/03\/Corta-pelo-corta-PROFESIONAL-RECARGABLE-5W-9-EN-1-KUKEN-450x450.jpg 450w, https:\/\/kuken.es\/wp-content\/uploads\/2020\/03\/Corta-pelo-corta-PROFESIONAL-RECARGABLE-5W-9-EN-1-KUKEN-600x600.jpg 600w, https:\/\/kuken.es\/wp-content\/uploads\/2020\/03\/Corta-pelo-corta-PROFESIONAL-RECARGABLE-5W-9-EN-1-KUKEN-150x150.jpg 150w, https:\/\/kuken.es\/wp-content\/uploads\/2020\/03\/Corta-pelo-corta-PROFESIONAL-RECARGABLE-5W-9-EN-1-KUKEN-768x768.jpg 768w, https:\/\/kuken.es\/wp-content\/uploads\/2020\/03\/Corta-pelo-corta-PROFESIONAL-RECARGABLE-5W-9-EN-1-KUKEN-146x146.jpg 146w, https:\/\/kuken.es\/wp-content\/uploads\/2020\/03\/Corta-pelo-corta-PROFESIONAL-RECARGABLE-5W-9-EN-1-KUKEN-50x50.jpg 50w, https:\/\/kuken.es\/wp-content\/uploads\/2020\/03\/Corta-pelo-corta-PROFESIONAL-RECARGABLE-5W-9-EN-1-KUKEN-75x75.jpg 75w, https:\/\/kuken.es\/wp-content\/uploads\/2020\/03\/Corta-pelo-corta-PROFESIONAL-RECARGABLE-5W-9-EN-1-KUKEN-85x85.jpg 85w, https:\/\/kuken.es\/wp-content\/uploads\/2020\/03\/Corta-pelo-corta-PROFESIONAL-RECARGABLE-5W-9-EN-1-KUKEN-80x80.jpg 80w, https:\/\/kuken.es\/wp-content\/uploads\/2020\/03\/Corta-pelo-corta-PROFESIONAL-RECARGABLE-5W-9-EN-1-KUKEN.jpg 853w\" sizes=\"auto, (max-width:767px) 291px, 291px\" \/> <img loading=\"lazy\" decoding=\"async\" class=\"alignnone wp-image-879\" src=\"https:\/\/kuken.es\/wp-content\/uploads\/2020\/02\/34339_1-300x300.jpg\" alt=\"\" width=\"293\" height=\"293\" srcset=\"https:\/\/kuken.es\/wp-content\/uploads\/2020\/02\/34339_1-300x300.jpg 300w, https:\/\/kuken.es\/wp-content\/uploads\/2020\/02\/34339_1-450x450.jpg 450w, https:\/\/kuken.es\/wp-content\/uploads\/2020\/02\/34339_1-600x600.jpg 600w, https:\/\/kuken.es\/wp-content\/uploads\/2020\/02\/34339_1-150x150.jpg 150w, https:\/\/kuken.es\/wp-content\/uploads\/2020\/02\/34339_1-768x768.jpg 768w, https:\/\/kuken.es\/wp-content\/uploads\/2020\/02\/34339_1-1024x1024.jpg 1024w, https:\/\/kuken.es\/wp-content\/uploads\/2020\/02\/34339_1-146x146.jpg 146w, https:\/\/kuken.es\/wp-content\/uploads\/2020\/02\/34339_1-50x50.jpg 50w, https:\/\/kuken.es\/wp-content\/uploads\/2020\/02\/34339_1-75x75.jpg 75w, https:\/\/kuken.es\/wp-content\/uploads\/2020\/02\/34339_1-85x85.jpg 85w, https:\/\/kuken.es\/wp-content\/uploads\/2020\/02\/34339_1-80x80.jpg 80w, https:\/\/kuken.es\/wp-content\/uploads\/2020\/02\/34339_1.jpg 2000w\" sizes=\"auto, (max-width:767px) 293px, 293px\" \/><\/div>\n<\/div>\n<\/div>\n<\/div>\n<div class=\"vc_row wpb_row section vc_row-fluid\">\n<div class=\"full_section_inner clearfix\">\n<div class=\"wpb_column vc_column_container vc_col-sm-12\">\n<div class=\"vc_column-inner\">\n<div class=\"wpb_wrapper\">\n<blockquote class=\"\">\n<h3 class=\"blockquote-text\"><span style=\"color: #ff0000; font-size: 16pt;\">Hier sind die wichtigsten Merkmale des Multifunktions-Haarschneiders:<\/span><\/h3>\n<\/blockquote>\n<div class=\"vc_empty_space\"><\/div>\n<div class=\"wpb_text_column wpb_content_element\">\n<div class=\"wpb_wrapper\">\n<ul>\n<li><span style=\"color: #000000; font-size: 12pt;\">Leistung: 5 W.\u00a0<\/span><\/li>\n<li><span style=\"color: #000000; font-size: 12pt;\">Akkulaufzeit von 2 Stunden. So bleiben Sie nicht auf halbem Weg stehen, wenn Sie die Haare schneiden.<\/span><\/li>\n<li><span style=\"color: #000000; font-size: 12pt;\">Rasier- und Pr\u00e4zisionsklingen aus rostfreiem Stahl<\/span><span style=\"color: #000000; font-size: 12pt;\">Das Ergebnis sind hochwertige und langlebige Klingen.<\/span><\/li>\n<li><span style=\"color: #000000; font-size: 12pt;\">Anzahl der Rasierklingenl\u00e4ngenpositionen: 4 (von 4 bis 5,5 mm).<\/span><\/li>\n<li><span style=\"color: #000000; font-size: 12pt;\">Anzahl der Pr\u00e4zisionsklingenl\u00e4ngenpositionen: 4 (von 3 bis 12 mm).<\/span><\/li>\n<li><span style=\"color: #000000; font-size: 12pt;\">Kabelgebundener oder kabelloser Betrieb. F\u00fcr mehr Komfort.<\/span><\/li>\n<li><span style=\"color: #000000; font-size: 12pt;\">PC-Geh\u00e4use mit Gold- und Silberbeschichtung.<\/span><\/li>\n<li><span style=\"color: #000000; font-size: 12pt;\">Ergonomisches Design, f\u00fcr mehr Komfort bei der Benutzung.<\/span><\/li>\n<li><span style=\"color: #000000; font-size: 12pt;\">Anzeige der Batterieladung.<\/span><\/li>\n<li><span style=\"color: #000000; font-size: 12pt;\">Gewicht: 0,13 kg.<\/span><\/li>\n<\/ul>\n<blockquote><p><span style=\"color: #000000;\"><strong style=\"font-size: 14pt;\">Abschlie\u00dfend finden Sie hier eine Liste des mitgelieferten Zubeh\u00f6rs.<\/strong><\/span><\/p><\/blockquote>\n<ul>\n<li><span style=\"font-size: 12pt; color: #000000;\">4 K\u00e4mme mit unterschiedlichen H\u00f6hen (3mm, 6mm, 9mm und 12mm).<\/span><\/li>\n<li><span style=\"font-size: 12pt; color: #000000;\">Haarschneidezubeh\u00f6r f\u00fcr Nase, Ohren und Augenbrauen.<\/span><\/li>\n<li><span style=\"font-size: 12pt; color: #000000;\">Rasierzubeh\u00f6r. Damit k\u00f6nnen Sie sich fast wie mit einem Rasiermesser rasieren.<\/span><\/li>\n<li><span style=\"font-size: 12pt; color: #000000;\">Pr\u00e4zisionsklinge. So k\u00f6nnen Sie einen engeren Schnitt machen.<\/span><\/li>\n<li><span style=\"font-size: 12pt; color: #000000;\">Rasierklinge. So k\u00f6nnen Sie die Haare leicht schneiden.<\/span><\/li>\n<li><span style=\"font-size: 12pt; color: #000000;\">Profilieren und Schneiden.<\/span><\/li>\n<\/ul>\n<\/div>\n<\/div>\n<\/div>\n<\/div>\n<\/div>\n<\/div>\n<\/div>\n<div class=\"vc_row wpb_row section vc_row-fluid\">\n<div class=\"full_section_inner clearfix\">\n<div class=\"wpb_column vc_column_container vc_col-sm-12\">\n<div class=\"vc_column-inner\">\n<div class=\"wpb_wrapper\">\n<blockquote class=\"\">\n<h3 class=\"blockquote-text\"><span style=\"color: #ff0000; font-size: 16pt;\">Auf der anderen Seite, hier sind ein paar k\u00fcken Tipps...<\/span><\/h3>\n<\/blockquote>\n<div class=\"vc_empty_space\"><\/div>\n<div class=\"wpb_text_column wpb_content_element\">\n<div class=\"wpb_wrapper\">\n<ul>\n<li><span style=\"font-size: 12pt; color: #000000;\">Erstens sollte die von Ihnen gew\u00e4hlte Haarschneidemaschine idealerweise sowohl kabelgebunden als auch kabellos verwendet werden k\u00f6nnen, damit Sie sie auch dann noch benutzen k\u00f6nnen, wenn Sie beim letzten Mal vergessen haben, sie aufzuladen.<\/span><\/li>\n<li><span style=\"font-size: 12pt; color: #000000;\">Denken Sie auch an die Autonomie der Schermaschine, wir empfehlen, dass sie mindestens 60 Minuten h\u00e4lt, damit Sie nicht halb voll sind, wenn Sie sie benutzen, und Sie m\u00fcssen sie nicht nach jedem Gebrauch aufladen.<\/span><\/li>\n<li><span style=\"font-size: 12pt; color: #000000;\">Ein weiterer Aspekt, den es zu ber\u00fccksichtigen gilt, ist das Material der Klingen. Am h\u00e4ufigsten werden bei dieser Art von Maschine Klingen aus hochwertigem Edelstahl verwendet, die sehr korrosions- und verschlei\u00dfbest\u00e4ndig sind.<\/span><\/li>\n<\/ul>\n<\/div>\n<\/div>\n<blockquote class=\"\">\n<h3 class=\"blockquote-text\"><span style=\"font-size: 16pt; color: #ff0000;\">Andere Optionen f\u00fcr Haarschneider<\/span><\/h3>\n<\/blockquote>\n<div class=\"wpb_text_column wpb_content_element\">\n<div class=\"wpb_wrapper\">\n<blockquote><p><span style=\"color: #3366ff;\"><strong><a style=\"color: #3366ff;\" href=\"https:\/\/kuken.es\/de\/cortapelos\/\">https:\/\/kuken.es\/cortapelos\/<\/a><\/strong><\/span><\/p><\/blockquote>\n<\/div>\n<\/div>\n<\/div>\n<\/div>\n<\/div>\n<\/div>\n<\/div>\n<div class=\"vc_row wpb_row section vc_row-fluid\">\n<div class=\"full_section_inner clearfix\">\n<div class=\"wpb_column vc_column_container vc_col-sm-12\">\n<div class=\"vc_column-inner\">\n<div class=\"wpb_wrapper\">\n<blockquote class=\"with_quote_icon\">\n<h3 class=\"blockquote-text\"><em><span style=\"color: #ff0000; font-size: 18pt;\">Erh\u00e4ltlich in Ihrem \u00f6rtlichen Eisenwaren- und Kleinger\u00e4tegesch\u00e4ft.<\/span><\/em><\/h3>\n<\/blockquote>\n<\/div>\n<\/div>\n<\/div>\n<\/div>\n<\/div>","protected":false},"excerpt":{"rendered":"<p>Multifunktions-Haarschneidemaschinen Wissen Sie, was Sie mit einer Multifunktions-Haarschneidemaschine alles machen k\u00f6nnen? Wenn Sie eine Multifunktions-Haarschneidemaschine kaufen, machen Sie eine gro\u00dfe Investition, die M\u00f6glichkeiten, die Sie haben<span class=\"excerpt-hellip\"> [...]<\/span><\/p>","protected":false},"author":4,"featured_media":879,"comment_status":"open","ping_status":"open","sticky":false,"template":"","format":"standard","meta":{"footnotes":""},"categories":[1],"tags":[],"class_list":["post-878","post","type-post","status-publish","format-standard","has-post-thumbnail","hentry","category-uncategorized"],"yoast_head":"<!-- This site is optimized with the Yoast SEO Premium plugin v24.0 (Yoast SEO v26.5) - https:\/\/yoast.com\/wordpress\/plugins\/seo\/ -->\n<title>Cortapelo multifunci\u00f3n 11en1 K\u00fcken Pr\u00e9mium - K\u00fcken<\/title>\n<meta name=\"description\" content=\"Con el cortapelo multifunci\u00f3n 11en1 kuken pr\u00e9mium, podr\u00e1s conseguir acabados profesionales con un \u00fanico dispositivo. Mas informaci\u00f3n en nuestro blog\" \/>\n<meta name=\"robots\" content=\"index, follow, max-snippet:-1, max-image-preview:large, max-video-preview:-1\" \/>\n<link rel=\"canonical\" href=\"https:\/\/kuken.es\/de\/blog\/2020\/04\/29\/multifunktions-haarschneidemaschine-11in1-kuken-premium\/\" \/>\n<meta property=\"og:locale\" content=\"de_DE\" \/>\n<meta property=\"og:type\" content=\"article\" \/>\n<meta property=\"og:title\" content=\"Cortapelo multifunci\u00f3n 11en1 K\u00fcken Pr\u00e9mium\" \/>\n<meta property=\"og:description\" content=\"Con el cortapelo multifunci\u00f3n 11en1 kuken pr\u00e9mium, podr\u00e1s conseguir acabados profesionales con un \u00fanico dispositivo. Mas informaci\u00f3n en nuestro blog\" \/>\n<meta property=\"og:url\" content=\"https:\/\/kuken.es\/de\/blog\/2020\/04\/29\/multifunktions-haarschneidemaschine-11in1-kuken-premium\/\" \/>\n<meta property=\"og:site_name\" content=\"K\u00fcken\" \/>\n<meta property=\"article:publisher\" content=\"https:\/\/es-es.facebook.com\/alfadyser\/\" \/>\n<meta property=\"article:published_time\" content=\"2020-04-29T10:22:48+00:00\" \/>\n<meta property=\"article:modified_time\" content=\"2020-04-29T12:04:58+00:00\" \/>\n<meta property=\"og:image\" content=\"https:\/\/kuken.es\/wp-content\/uploads\/2020\/02\/34339_1.jpg\" \/>\n\t<meta property=\"og:image:width\" content=\"2000\" \/>\n\t<meta property=\"og:image:height\" content=\"2000\" \/>\n\t<meta property=\"og:image:type\" content=\"image\/jpeg\" \/>\n<meta name=\"author\" content=\"Alfa Dyser\" \/>\n<meta name=\"twitter:card\" content=\"summary_large_image\" \/>\n<meta name=\"twitter:label1\" content=\"Verfasst von\" \/>\n\t<meta name=\"twitter:data1\" content=\"Alfa Dyser\" \/>\n\t<meta name=\"twitter:label2\" content=\"Gesch\u00e4tzte Lesezeit\" \/>\n\t<meta name=\"twitter:data2\" content=\"3\u00a0Minuten\" \/>\n<script type=\"application\/ld+json\" class=\"yoast-schema-graph\">{\"@context\":\"https:\/\/schema.org\",\"@graph\":[{\"@type\":\"Article\",\"@id\":\"https:\/\/kuken.es\/blog\/2020\/04\/29\/cortapelo-multifuncion-11en1-kuken-premium\/#article\",\"isPartOf\":{\"@id\":\"https:\/\/kuken.es\/blog\/2020\/04\/29\/cortapelo-multifuncion-11en1-kuken-premium\/\"},\"author\":{\"name\":\"Alfa Dyser\",\"@id\":\"https:\/\/kuken.es\/#\/schema\/person\/eff2331e8b66b14cf263fbffae5a0358\"},\"headline\":\"Cortapelo multifunci\u00f3n 11en1 K\u00fcken Pr\u00e9mium\",\"datePublished\":\"2020-04-29T10:22:48+00:00\",\"dateModified\":\"2020-04-29T12:04:58+00:00\",\"mainEntityOfPage\":{\"@id\":\"https:\/\/kuken.es\/blog\/2020\/04\/29\/cortapelo-multifuncion-11en1-kuken-premium\/\"},\"wordCount\":702,\"commentCount\":0,\"publisher\":{\"@id\":\"https:\/\/kuken.es\/#organization\"},\"image\":{\"@id\":\"https:\/\/kuken.es\/blog\/2020\/04\/29\/cortapelo-multifuncion-11en1-kuken-premium\/#primaryimage\"},\"thumbnailUrl\":\"https:\/\/kuken.es\/wp-content\/uploads\/2020\/02\/34339_1.jpg\",\"articleSection\":[\"Uncategorized\"],\"inLanguage\":\"de\",\"potentialAction\":[{\"@type\":\"CommentAction\",\"name\":\"Comment\",\"target\":[\"https:\/\/kuken.es\/blog\/2020\/04\/29\/cortapelo-multifuncion-11en1-kuken-premium\/#respond\"]}]},{\"@type\":\"WebPage\",\"@id\":\"https:\/\/kuken.es\/blog\/2020\/04\/29\/cortapelo-multifuncion-11en1-kuken-premium\/\",\"url\":\"https:\/\/kuken.es\/blog\/2020\/04\/29\/cortapelo-multifuncion-11en1-kuken-premium\/\",\"name\":\"Cortapelo multifunci\u00f3n 11en1 K\u00fcken Pr\u00e9mium - K\u00fcken\",\"isPartOf\":{\"@id\":\"https:\/\/kuken.es\/#website\"},\"primaryImageOfPage\":{\"@id\":\"https:\/\/kuken.es\/blog\/2020\/04\/29\/cortapelo-multifuncion-11en1-kuken-premium\/#primaryimage\"},\"image\":{\"@id\":\"https:\/\/kuken.es\/blog\/2020\/04\/29\/cortapelo-multifuncion-11en1-kuken-premium\/#primaryimage\"},\"thumbnailUrl\":\"https:\/\/kuken.es\/wp-content\/uploads\/2020\/02\/34339_1.jpg\",\"datePublished\":\"2020-04-29T10:22:48+00:00\",\"dateModified\":\"2020-04-29T12:04:58+00:00\",\"description\":\"Con el cortapelo multifunci\u00f3n 11en1 kuken pr\u00e9mium, podr\u00e1s conseguir acabados profesionales con un \u00fanico dispositivo. Mas informaci\u00f3n en nuestro blog\",\"breadcrumb\":{\"@id\":\"https:\/\/kuken.es\/blog\/2020\/04\/29\/cortapelo-multifuncion-11en1-kuken-premium\/#breadcrumb\"},\"inLanguage\":\"de\",\"potentialAction\":[{\"@type\":\"ReadAction\",\"target\":[\"https:\/\/kuken.es\/blog\/2020\/04\/29\/cortapelo-multifuncion-11en1-kuken-premium\/\"]}]},{\"@type\":\"ImageObject\",\"inLanguage\":\"de\",\"@id\":\"https:\/\/kuken.es\/blog\/2020\/04\/29\/cortapelo-multifuncion-11en1-kuken-premium\/#primaryimage\",\"url\":\"https:\/\/kuken.es\/wp-content\/uploads\/2020\/02\/34339_1.jpg\",\"contentUrl\":\"https:\/\/kuken.es\/wp-content\/uploads\/2020\/02\/34339_1.jpg\",\"width\":2000,\"height\":2000},{\"@type\":\"BreadcrumbList\",\"@id\":\"https:\/\/kuken.es\/blog\/2020\/04\/29\/cortapelo-multifuncion-11en1-kuken-premium\/#breadcrumb\",\"itemListElement\":[{\"@type\":\"ListItem\",\"position\":1,\"name\":\"Portada\",\"item\":\"https:\/\/kuken.es\/\"},{\"@type\":\"ListItem\",\"position\":2,\"name\":\"Cortapelo multifunci\u00f3n 11en1 K\u00fcken Pr\u00e9mium\"}]},{\"@type\":\"WebSite\",\"@id\":\"https:\/\/kuken.es\/#website\",\"url\":\"https:\/\/kuken.es\/\",\"name\":\"K\u00fcken\",\"description\":\"Amplia gama de peque\u00f1o electrodom\u00e9stico k\u00fcken\",\"publisher\":{\"@id\":\"https:\/\/kuken.es\/#organization\"},\"potentialAction\":[{\"@type\":\"SearchAction\",\"target\":{\"@type\":\"EntryPoint\",\"urlTemplate\":\"https:\/\/kuken.es\/?s={search_term_string}\"},\"query-input\":{\"@type\":\"PropertyValueSpecification\",\"valueRequired\":true,\"valueName\":\"search_term_string\"}}],\"inLanguage\":\"de\"},{\"@type\":\"Organization\",\"@id\":\"https:\/\/kuken.es\/#organization\",\"name\":\"Alfa Dyser\",\"url\":\"https:\/\/kuken.es\/\",\"logo\":{\"@type\":\"ImageObject\",\"inLanguage\":\"de\",\"@id\":\"https:\/\/kuken.es\/#\/schema\/logo\/image\/\",\"url\":\"https:\/\/kuken.es\/wp-content\/uploads\/2019\/04\/kuken-logo.png\",\"contentUrl\":\"https:\/\/kuken.es\/wp-content\/uploads\/2019\/04\/kuken-logo.png\",\"width\":500,\"height\":191,\"caption\":\"Alfa Dyser\"},\"image\":{\"@id\":\"https:\/\/kuken.es\/#\/schema\/logo\/image\/\"},\"sameAs\":[\"https:\/\/es-es.facebook.com\/alfadyser\/\",\"https:\/\/www.instagram.com\/kuken_appliances\/\"]},{\"@type\":\"Person\",\"@id\":\"https:\/\/kuken.es\/#\/schema\/person\/eff2331e8b66b14cf263fbffae5a0358\",\"name\":\"Alfa Dyser\",\"image\":{\"@type\":\"ImageObject\",\"inLanguage\":\"de\",\"@id\":\"https:\/\/kuken.es\/#\/schema\/person\/image\/\",\"url\":\"https:\/\/secure.gravatar.com\/avatar\/8c9a2fbb059cc143a6cc9e1f366820a820fce0d0ad854661740e2ddff3bec5a9?s=96&d=mm&r=g\",\"contentUrl\":\"https:\/\/secure.gravatar.com\/avatar\/8c9a2fbb059cc143a6cc9e1f366820a820fce0d0ad854661740e2ddff3bec5a9?s=96&d=mm&r=g\",\"caption\":\"Alfa Dyser\"},\"url\":\"https:\/\/kuken.es\/de\/blog\/author\/alfa\/\"}]}<\/script>\n<!-- \/ Yoast SEO Premium plugin. -->","yoast_head_json":{"title":"K\u00fcken Premium 11in1 Multifunktions-Haarschneidemaschine - K\u00fcken","description":"Mit dem 11in1 kuken Premium-Multifunktions-Haarschneider k\u00f6nnen Sie mit nur einem Ger\u00e4t ein professionelles Finish erzielen. Weitere Informationen in unserem Blog","robots":{"index":"index","follow":"follow","max-snippet":"max-snippet:-1","max-image-preview":"max-image-preview:large","max-video-preview":"max-video-preview:-1"},"canonical":"https:\/\/kuken.es\/de\/blog\/2020\/04\/29\/multifunktions-haarschneidemaschine-11in1-kuken-premium\/","og_locale":"de_DE","og_type":"article","og_title":"Cortapelo multifunci\u00f3n 11en1 K\u00fcken Pr\u00e9mium","og_description":"Con el cortapelo multifunci\u00f3n 11en1 kuken pr\u00e9mium, podr\u00e1s conseguir acabados profesionales con un \u00fanico dispositivo. Mas informaci\u00f3n en nuestro blog","og_url":"https:\/\/kuken.es\/de\/blog\/2020\/04\/29\/multifunktions-haarschneidemaschine-11in1-kuken-premium\/","og_site_name":"K\u00fcken","article_publisher":"https:\/\/es-es.facebook.com\/alfadyser\/","article_published_time":"2020-04-29T10:22:48+00:00","article_modified_time":"2020-04-29T12:04:58+00:00","og_image":[{"width":2000,"height":2000,"url":"https:\/\/kuken.es\/wp-content\/uploads\/2020\/02\/34339_1.jpg","type":"image\/jpeg"}],"author":"Alfa Dyser","twitter_card":"summary_large_image","twitter_misc":{"Verfasst von":"Alfa Dyser","Gesch\u00e4tzte Lesezeit":"3\u00a0Minuten"},"schema":{"@context":"https:\/\/schema.org","@graph":[{"@type":"Article","@id":"https:\/\/kuken.es\/blog\/2020\/04\/29\/cortapelo-multifuncion-11en1-kuken-premium\/#article","isPartOf":{"@id":"https:\/\/kuken.es\/blog\/2020\/04\/29\/cortapelo-multifuncion-11en1-kuken-premium\/"},"author":{"name":"Alfa Dyser","@id":"https:\/\/kuken.es\/#\/schema\/person\/eff2331e8b66b14cf263fbffae5a0358"},"headline":"Cortapelo multifunci\u00f3n 11en1 K\u00fcken Pr\u00e9mium","datePublished":"2020-04-29T10:22:48+00:00","dateModified":"2020-04-29T12:04:58+00:00","mainEntityOfPage":{"@id":"https:\/\/kuken.es\/blog\/2020\/04\/29\/cortapelo-multifuncion-11en1-kuken-premium\/"},"wordCount":702,"commentCount":0,"publisher":{"@id":"https:\/\/kuken.es\/#organization"},"image":{"@id":"https:\/\/kuken.es\/blog\/2020\/04\/29\/cortapelo-multifuncion-11en1-kuken-premium\/#primaryimage"},"thumbnailUrl":"https:\/\/kuken.es\/wp-content\/uploads\/2020\/02\/34339_1.jpg","articleSection":["Uncategorized"],"inLanguage":"de","potentialAction":[{"@type":"CommentAction","name":"Comment","target":["https:\/\/kuken.es\/blog\/2020\/04\/29\/cortapelo-multifuncion-11en1-kuken-premium\/#respond"]}]},{"@type":"WebPage","@id":"https:\/\/kuken.es\/blog\/2020\/04\/29\/cortapelo-multifuncion-11en1-kuken-premium\/","url":"https:\/\/kuken.es\/blog\/2020\/04\/29\/cortapelo-multifuncion-11en1-kuken-premium\/","name":"K\u00fcken Premium 11in1 Multifunktions-Haarschneidemaschine - K\u00fcken","isPartOf":{"@id":"https:\/\/kuken.es\/#website"},"primaryImageOfPage":{"@id":"https:\/\/kuken.es\/blog\/2020\/04\/29\/cortapelo-multifuncion-11en1-kuken-premium\/#primaryimage"},"image":{"@id":"https:\/\/kuken.es\/blog\/2020\/04\/29\/cortapelo-multifuncion-11en1-kuken-premium\/#primaryimage"},"thumbnailUrl":"https:\/\/kuken.es\/wp-content\/uploads\/2020\/02\/34339_1.jpg","datePublished":"2020-04-29T10:22:48+00:00","dateModified":"2020-04-29T12:04:58+00:00","description":"Mit dem 11in1 kuken Premium-Multifunktions-Haarschneider k\u00f6nnen Sie mit nur einem Ger\u00e4t ein professionelles Finish erzielen. Weitere Informationen in unserem Blog","breadcrumb":{"@id":"https:\/\/kuken.es\/blog\/2020\/04\/29\/cortapelo-multifuncion-11en1-kuken-premium\/#breadcrumb"},"inLanguage":"de","potentialAction":[{"@type":"ReadAction","target":["https:\/\/kuken.es\/blog\/2020\/04\/29\/cortapelo-multifuncion-11en1-kuken-premium\/"]}]},{"@type":"ImageObject","inLanguage":"de","@id":"https:\/\/kuken.es\/blog\/2020\/04\/29\/cortapelo-multifuncion-11en1-kuken-premium\/#primaryimage","url":"https:\/\/kuken.es\/wp-content\/uploads\/2020\/02\/34339_1.jpg","contentUrl":"https:\/\/kuken.es\/wp-content\/uploads\/2020\/02\/34339_1.jpg","width":2000,"height":2000},{"@type":"BreadcrumbList","@id":"https:\/\/kuken.es\/blog\/2020\/04\/29\/cortapelo-multifuncion-11en1-kuken-premium\/#breadcrumb","itemListElement":[{"@type":"ListItem","position":1,"name":"Portada","item":"https:\/\/kuken.es\/"},{"@type":"ListItem","position":2,"name":"Cortapelo multifunci\u00f3n 11en1 K\u00fcken Pr\u00e9mium"}]},{"@type":"WebSite","@id":"https:\/\/kuken.es\/#website","url":"https:\/\/kuken.es\/","name":"K\u00fcken","description":"Gro\u00dfe Auswahl an k\u00fcken Haushaltskleinger\u00e4ten","publisher":{"@id":"https:\/\/kuken.es\/#organization"},"potentialAction":[{"@type":"SearchAction","target":{"@type":"EntryPoint","urlTemplate":"https:\/\/kuken.es\/?s={search_term_string}"},"query-input":{"@type":"PropertyValueSpecification","valueRequired":true,"valueName":"search_term_string"}}],"inLanguage":"de"},{"@type":"Organization","@id":"https:\/\/kuken.es\/#organization","name":"Alpha Dyser","url":"https:\/\/kuken.es\/","logo":{"@type":"ImageObject","inLanguage":"de","@id":"https:\/\/kuken.es\/#\/schema\/logo\/image\/","url":"https:\/\/kuken.es\/wp-content\/uploads\/2019\/04\/kuken-logo.png","contentUrl":"https:\/\/kuken.es\/wp-content\/uploads\/2019\/04\/kuken-logo.png","width":500,"height":191,"caption":"Alfa Dyser"},"image":{"@id":"https:\/\/kuken.es\/#\/schema\/logo\/image\/"},"sameAs":["https:\/\/es-es.facebook.com\/alfadyser\/","https:\/\/www.instagram.com\/kuken_appliances\/"]},{"@type":"Person","@id":"https:\/\/kuken.es\/#\/schema\/person\/eff2331e8b66b14cf263fbffae5a0358","name":"Alpha Dyser","image":{"@type":"ImageObject","inLanguage":"de","@id":"https:\/\/kuken.es\/#\/schema\/person\/image\/","url":"https:\/\/secure.gravatar.com\/avatar\/8c9a2fbb059cc143a6cc9e1f366820a820fce0d0ad854661740e2ddff3bec5a9?s=96&d=mm&r=g","contentUrl":"https:\/\/secure.gravatar.com\/avatar\/8c9a2fbb059cc143a6cc9e1f366820a820fce0d0ad854661740e2ddff3bec5a9?s=96&d=mm&r=g","caption":"Alfa Dyser"},"url":"https:\/\/kuken.es\/de\/blog\/author\/alfa\/"}]}},"_links":{"self":[{"href":"https:\/\/kuken.es\/de\/wp-json\/wp\/v2\/posts\/878","targetHints":{"allow":["GET"]}}],"collection":[{"href":"https:\/\/kuken.es\/de\/wp-json\/wp\/v2\/posts"}],"about":[{"href":"https:\/\/kuken.es\/de\/wp-json\/wp\/v2\/types\/post"}],"author":[{"embeddable":true,"href":"https:\/\/kuken.es\/de\/wp-json\/wp\/v2\/users\/4"}],"replies":[{"embeddable":true,"href":"https:\/\/kuken.es\/de\/wp-json\/wp\/v2\/comments?post=878"}],"version-history":[{"count":0,"href":"https:\/\/kuken.es\/de\/wp-json\/wp\/v2\/posts\/878\/revisions"}],"wp:featuredmedia":[{"embeddable":true,"href":"https:\/\/kuken.es\/de\/wp-json\/wp\/v2\/media\/879"}],"wp:attachment":[{"href":"https:\/\/kuken.es\/de\/wp-json\/wp\/v2\/media?parent=878"}],"wp:term":[{"taxonomy":"category","embeddable":true,"href":"https:\/\/kuken.es\/de\/wp-json\/wp\/v2\/categories?post=878"},{"taxonomy":"post_tag","embeddable":true,"href":"https:\/\/kuken.es\/de\/wp-json\/wp\/v2\/tags?post=878"}],"curies":[{"name":"wp","href":"https:\/\/api.w.org\/{rel}","templated":true}]}}