{"id":6428,"date":"2020-11-17T14:44:27","date_gmt":"2020-11-17T13:44:27","guid":{"rendered":"https:\/\/kuken.es\/?p=6428"},"modified":"2020-11-17T14:44:27","modified_gmt":"2020-11-17T13:44:27","slug":"auberginen-gefullt-mit-fleisch-rezept-2","status":"publish","type":"post","link":"https:\/\/kuken.es\/de\/blog\/2020\/11\/17\/auberginen-gefullt-mit-fleisch-rezept-2\/","title":{"rendered":"AUBERGINEN GEF\u00dcLLT MIT FLEISCH REZEPT"},"content":{"rendered":"<p>Dieses Rezept f\u00fcr mit Fleisch gef\u00fcllte Auberginen ist mit dem K\u00fcken K\u00fcchenroboter so einfach zuzubereiten, dass sie an jedem Tag der Woche ein tolles Abendessen oder Mittagessen sind.<\/p>\n<p>Es ist auch ein sehr gesundes Gericht, bei dem wir gleichzeitig Gem\u00fcse, Fleisch und Milchprodukte essen, ein wahres Wunder.<\/p>\n<p>Was sind die Vorteile von Auberginen?<\/p>\n<ol>\n<li><span style=\"color: #000000;\">Stimuliert die Leber- und Gallenblasenfunktion und f\u00f6rdert die Fettverdauung.<\/span><\/li>\n<li><span style=\"color: #000000;\">Er enth\u00e4lt antioxidative Stoffe, die zur Vorbeugung vieler Krankheiten beitragen.<\/span><\/li>\n<\/ol>\n<p><span style=\"color: #000000;\">Ein Tipp: Auberginen sollten reif sein, da einige Studien darauf hinweisen, dass unreife Auberginen bei Menschen, die zu Migr\u00e4ne neigen, Migr\u00e4ne ausl\u00f6sen k\u00f6nnen.<\/span><\/p>\n<h2><span style=\"font-size: 20pt; color: #008080;\">AUBERGINEN GEF\u00dcLLT MIT FLEISCH REZEPT<\/span><\/h2>\n<p>F\u00fcr die Zubereitung dieses Rezepts k\u00f6nnen wir die Sorte der Aubergine w\u00e4hlen, die wir bevorzugen, entweder lila oder gestreift, das ist unklar.<\/p>\n<p>Ebenso k\u00f6nnen wir die Fleischf\u00fcllung nach Belieben verwenden: Schwein, Rind, Huhn, Pute, gemischt.<\/p>\n<table style=\"height: 406px;\" width=\"631\">\n<tbody>\n<tr>\n<td style=\"text-align: center;\"><strong>ZUTATEN<\/strong><\/td>\n<td style=\"text-align: center;\"><strong>K\u00fcken ZUBEH\u00d6R<\/strong><\/td>\n<\/tr>\n<tr>\n<td style=\"text-align: center;\">2 gro\u00dfe Auberginen<\/td>\n<td style=\"text-align: center;\">Entferner f\u00fcr Zubeh\u00f6rteile<\/td>\n<\/tr>\n<tr>\n<td style=\"text-align: center;\">250 g Hackfleisch nach Geschmack<\/td>\n<td style=\"text-align: center;\">Tiefe Dampfschale<\/td>\n<\/tr>\n<tr>\n<td style=\"text-align: center;\">150 g gr\u00fcner Pfeffer<\/td>\n<td><\/td>\n<\/tr>\n<tr>\n<td style=\"text-align: center;\">100 g Zwiebel<\/td>\n<td><\/td>\n<\/tr>\n<tr>\n<td style=\"text-align: center;\">1 Knoblauchzehe<\/td>\n<td><\/td>\n<\/tr>\n<tr>\n<td style=\"text-align: center;\">K\u00e4se zum \u00dcberbacken<\/td>\n<td><\/td>\n<\/tr>\n<tr>\n<td style=\"text-align: center;\">50 ml Oliven\u00f6l<\/td>\n<td><\/td>\n<\/tr>\n<tr>\n<td style=\"text-align: center;\">Pfeffer<\/td>\n<td><\/td>\n<\/tr>\n<tr>\n<td style=\"text-align: center;\">50 ml Wei\u00dfwein<\/td>\n<td><\/td>\n<\/tr>\n<tr>\n<td style=\"text-align: center;\">Salz<\/td>\n<td><\/td>\n<\/tr>\n<tr>\n<td style=\"text-align: center;\">Oregano<\/td>\n<td><\/td>\n<\/tr>\n<\/tbody>\n<\/table>\n<blockquote>\n<p style=\"text-align: center;\"><span style=\"font-size: 14pt;\"><strong>Wenn wir wollen, dass unser Auberginenrezept vegan ist, k\u00f6nnen wir Seitan oder texturiertes Soja verwenden, und anstelle von K\u00e4se aus Milch k\u00f6nnen wir einige der veganen Optionen verwenden, die zunehmend im Handel erh\u00e4ltlich sind.<\/strong><\/span><\/p>\n<\/blockquote>\n<h3><span style=\"font-size: 20pt; color: #008080;\">ELABORATION<\/span><\/h3>\n<ul>\n<li style=\"list-style-type: none;\">\n<ul>\n<li><span style=\"color: #000000;\">Die Auberginen halbieren, aush\u00f6hlen und das Fruchtfleisch in einer Sch\u00fcssel aufbewahren, dabei etwa einen halben Zentimeter um die Auberginen herum lassen. <\/span><\/li>\n<li><span style=\"color: #000000;\">Geben Sie 500 ml Wasser in den Mixtopf Ihrer K\u00fcken K\u00fcchenmaschine.<\/span><\/li>\n<li><span style=\"color: #000000;\">Den tiefen D\u00e4mpfeinsatz auf den Roboter stellen und die Auberginenh\u00e4lften mit der Oberseite nach unten einlegen. Setzen Sie den Deckel auf. <\/span><\/li>\n<\/ul>\n<\/li>\n<\/ul>\n<p><span style=\"color: #000000;\"><strong>15 Minuten lang bei 120\u00baC d\u00e4mpfen.<\/strong><\/span><\/p>\n<ul>\n<li style=\"list-style-type: none;\">\n<ul>\n<li><span style=\"color: #000000;\">Die Auberginen vorsichtig herausnehmen und mit der Schnittfl\u00e4che nach oben in eine Auflaufform legen.<\/span><\/li>\n<li><span style=\"color: #000000;\">Nehmen Sie den Dampfeinsatz heraus, entfernen Sie das Kochwasser aus dem Mixtopf und setzen Sie den R\u00fchraufsatz ein. <\/span><\/li>\n<li><span style=\"color: #000000;\">50 ml Oliven\u00f6l hinzuf\u00fcgen.<\/span><\/li>\n<\/ul>\n<\/li>\n<\/ul>\n<p><span style=\"color: #000000;\"><strong>Das \u00d6l 2 Minuten lang bei 120\u00baC und Stufe 1 erhitzen.<\/strong><\/span><\/p>\n<ul>\n<li style=\"list-style-type: none;\">\n<ul>\n<li><span style=\"color: #000000;\">100 g gesch\u00e4lte Zwiebel in mittelgro\u00dfen St\u00fccken, 150 g gewaschene gr\u00fcne Paprika, ebenfalls in mittelgro\u00dfen St\u00fccken, und die gesch\u00e4lte und gehackte Knoblauchzehe hinzuf\u00fcgen.<\/span><\/li>\n<\/ul>\n<\/li>\n<\/ul>\n<p><span style=\"color: #000000;\"><strong>10 Minuten bei 120\u00baC und Stufe 1 garen.<\/strong><\/span><\/p>\n<ul>\n<li style=\"list-style-type: none;\">\n<ul>\n<li><span style=\"color: #000000;\">250 g Hackfleisch und das Innere der Auberginen in mittelgro\u00dfen St\u00fccken hinzuf\u00fcgen. Mit Salz und Pfeffer abschmecken.<\/span><\/li>\n<\/ul>\n<\/li>\n<\/ul>\n<p><span style=\"color: #000000;\"><strong>10 Minuten bei 120\u00baC und Stufe 1 garen.<\/strong><\/span><\/p>\n<ul>\n<li style=\"list-style-type: none;\">\n<ul>\n<li><span style=\"color: #000000;\">Ohne den Deckel abzunehmen, 50 ml Wei\u00dfwein durch die Einf\u00fcll\u00f6ffnung einf\u00fcllen und diese offen lassen, damit der Alkohol im n\u00e4chsten Schritt verdampfen kann.<\/span><\/li>\n<\/ul>\n<\/li>\n<\/ul>\n<p><span style=\"color: #000000;\"><strong>10 Minuten bei 120\u00baC und Stufe 1 garen.<\/strong><\/span><\/p>\n<ul>\n<li style=\"list-style-type: none;\">\n<ul>\n<li><span style=\"color: #000000;\">Das geschmorte Fleisch in eine Sch\u00fcssel geben und die Auberginen damit f\u00fcllen. Den geriebenen K\u00e4se dar\u00fcber streuen und nach Geschmack mit Oregano bestreuen.<\/span><\/li>\n<li><span style=\"color: #000000;\"> Die Auberginen im Ofen backen, bis der K\u00e4se geschmolzen und goldbraun ist. Ungef\u00e4hr 10 Minuten bei 200\u00baC und eingeschaltetem Grill. <\/span><\/li>\n<\/ul>\n<\/li>\n<\/ul>\n<p><span style=\"color: #000000; font-size: 14pt;\"><b>UNSER REZEPT F\u00dcR MIT FLEISCH GEF\u00dcLLTE AUBERGINEN IST SERVIERFERTIG!<\/b><\/span><\/p>\n<hr \/>\n<h4><span style=\"color: #008080; font-size: 20pt;\">Kennen Sie den K\u00fcchenroboter K\u00fcken?<\/span><\/h4>\n<h6><a href=\"https:\/\/kuken.es\/de\/produkt\/robot-de-cocina-multifuncion-k%c3%bcken-touch-9000\/\">https:\/\/kuken.es\/producto\/robot-de-cocina-multifuncion-K\u00fcken-touch-9000\/<\/a><\/h6>\n<p><span style=\"font-size: 14pt; color: #008080;\">Folgen Sie uns auf den sozialen Medien!<\/span><\/p>\n<p><a href=\"https:\/\/www.instagram.com\/kuken_appliances\/\">https:\/\/www.instagram.com\/kuken_appliances\/<\/a><\/p>","protected":false},"excerpt":{"rendered":"<p>Dieses Rezept f\u00fcr mit Fleisch gef\u00fcllte Auberginen ist mit dem K\u00fcken K\u00fcchenroboter so einfach zuzubereiten, dass es sich hervorragend f\u00fcr ein Abendessen oder ein Mittagessen unterwegs eignet.<span class=\"excerpt-hellip\"> [...]<\/span><\/p>","protected":false},"author":4,"featured_media":6430,"comment_status":"open","ping_status":"open","sticky":false,"template":"","format":"standard","meta":{"footnotes":""},"categories":[1],"tags":[],"class_list":["post-6428","post","type-post","status-publish","format-standard","has-post-thumbnail","hentry","category-uncategorized"],"yoast_head":"<!-- This site is optimized with the Yoast SEO Premium plugin v24.0 (Yoast SEO v26.5) - https:\/\/yoast.com\/wordpress\/plugins\/seo\/ -->\n<title>RECETA DE BERENJENAS RELLENAS DE CARNE - K\u00fcken<\/title>\n<meta name=\"description\" content=\"Receta de berenjenas rellenas de carne con el robot de cocina K\u00fcken. Visita la web de K\u00fcken para ver la receta paso a paso.\" \/>\n<meta name=\"robots\" content=\"index, follow, max-snippet:-1, max-image-preview:large, max-video-preview:-1\" \/>\n<link rel=\"canonical\" href=\"https:\/\/kuken.es\/de\/blog\/2020\/11\/17\/auberginen-gefullt-mit-fleisch-rezept-2\/\" \/>\n<meta property=\"og:locale\" content=\"de_DE\" \/>\n<meta property=\"og:type\" content=\"article\" \/>\n<meta property=\"og:title\" content=\"RECETA DE BERENJENAS RELLENAS DE CARNE\" \/>\n<meta property=\"og:description\" content=\"Receta de berenjenas rellenas de carne con el robot de cocina K\u00fcken. Visita la web de K\u00fcken para ver la receta paso a paso.\" \/>\n<meta property=\"og:url\" content=\"https:\/\/kuken.es\/de\/blog\/2020\/11\/17\/auberginen-gefullt-mit-fleisch-rezept-2\/\" \/>\n<meta property=\"og:site_name\" content=\"K\u00fcken\" \/>\n<meta property=\"article:publisher\" content=\"https:\/\/es-es.facebook.com\/alfadyser\/\" \/>\n<meta property=\"article:published_time\" content=\"2020-11-17T13:44:27+00:00\" \/>\n<meta property=\"og:image\" content=\"https:\/\/kuken.es\/wp-content\/uploads\/berenjenas-rellenas.jpg\" \/>\n\t<meta property=\"og:image:width\" content=\"480\" \/>\n\t<meta property=\"og:image:height\" content=\"658\" \/>\n\t<meta property=\"og:image:type\" content=\"image\/jpeg\" \/>\n<meta name=\"author\" content=\"Alfa Dyser\" \/>\n<meta name=\"twitter:card\" content=\"summary_large_image\" \/>\n<meta name=\"twitter:label1\" content=\"Verfasst von\" \/>\n\t<meta name=\"twitter:data1\" content=\"Alfa Dyser\" \/>\n\t<meta name=\"twitter:label2\" content=\"Gesch\u00e4tzte Lesezeit\" \/>\n\t<meta name=\"twitter:data2\" content=\"3\u00a0Minuten\" \/>\n<script type=\"application\/ld+json\" class=\"yoast-schema-graph\">{\"@context\":\"https:\/\/schema.org\",\"@graph\":[{\"@type\":\"Article\",\"@id\":\"https:\/\/kuken.es\/blog\/2020\/11\/17\/receta-de-berenjenas-rellenas-de-carne\/#article\",\"isPartOf\":{\"@id\":\"https:\/\/kuken.es\/blog\/2020\/11\/17\/receta-de-berenjenas-rellenas-de-carne\/\"},\"author\":{\"name\":\"Alfa Dyser\",\"@id\":\"https:\/\/kuken.es\/#\/schema\/person\/eff2331e8b66b14cf263fbffae5a0358\"},\"headline\":\"RECETA DE BERENJENAS RELLENAS DE CARNE\",\"datePublished\":\"2020-11-17T13:44:27+00:00\",\"mainEntityOfPage\":{\"@id\":\"https:\/\/kuken.es\/blog\/2020\/11\/17\/receta-de-berenjenas-rellenas-de-carne\/\"},\"wordCount\":551,\"commentCount\":0,\"publisher\":{\"@id\":\"https:\/\/kuken.es\/#organization\"},\"image\":{\"@id\":\"https:\/\/kuken.es\/blog\/2020\/11\/17\/receta-de-berenjenas-rellenas-de-carne\/#primaryimage\"},\"thumbnailUrl\":\"https:\/\/kuken.es\/wp-content\/uploads\/berenjenas-rellenas.jpg\",\"articleSection\":[\"Uncategorized\"],\"inLanguage\":\"de\",\"potentialAction\":[{\"@type\":\"CommentAction\",\"name\":\"Comment\",\"target\":[\"https:\/\/kuken.es\/blog\/2020\/11\/17\/receta-de-berenjenas-rellenas-de-carne\/#respond\"]}]},{\"@type\":\"WebPage\",\"@id\":\"https:\/\/kuken.es\/blog\/2020\/11\/17\/receta-de-berenjenas-rellenas-de-carne\/\",\"url\":\"https:\/\/kuken.es\/blog\/2020\/11\/17\/receta-de-berenjenas-rellenas-de-carne\/\",\"name\":\"RECETA DE BERENJENAS RELLENAS DE CARNE - K\u00fcken\",\"isPartOf\":{\"@id\":\"https:\/\/kuken.es\/#website\"},\"primaryImageOfPage\":{\"@id\":\"https:\/\/kuken.es\/blog\/2020\/11\/17\/receta-de-berenjenas-rellenas-de-carne\/#primaryimage\"},\"image\":{\"@id\":\"https:\/\/kuken.es\/blog\/2020\/11\/17\/receta-de-berenjenas-rellenas-de-carne\/#primaryimage\"},\"thumbnailUrl\":\"https:\/\/kuken.es\/wp-content\/uploads\/berenjenas-rellenas.jpg\",\"datePublished\":\"2020-11-17T13:44:27+00:00\",\"description\":\"Receta de berenjenas rellenas de carne con el robot de cocina K\u00fcken. Visita la web de K\u00fcken para ver la receta paso a paso.\",\"breadcrumb\":{\"@id\":\"https:\/\/kuken.es\/blog\/2020\/11\/17\/receta-de-berenjenas-rellenas-de-carne\/#breadcrumb\"},\"inLanguage\":\"de\",\"potentialAction\":[{\"@type\":\"ReadAction\",\"target\":[\"https:\/\/kuken.es\/blog\/2020\/11\/17\/receta-de-berenjenas-rellenas-de-carne\/\"]}]},{\"@type\":\"ImageObject\",\"inLanguage\":\"de\",\"@id\":\"https:\/\/kuken.es\/blog\/2020\/11\/17\/receta-de-berenjenas-rellenas-de-carne\/#primaryimage\",\"url\":\"https:\/\/kuken.es\/wp-content\/uploads\/berenjenas-rellenas.jpg\",\"contentUrl\":\"https:\/\/kuken.es\/wp-content\/uploads\/berenjenas-rellenas.jpg\",\"width\":480,\"height\":658,\"caption\":\"Receta de berenjenas rellenas de carne con robot de cocina\"},{\"@type\":\"BreadcrumbList\",\"@id\":\"https:\/\/kuken.es\/blog\/2020\/11\/17\/receta-de-berenjenas-rellenas-de-carne\/#breadcrumb\",\"itemListElement\":[{\"@type\":\"ListItem\",\"position\":1,\"name\":\"Portada\",\"item\":\"https:\/\/kuken.es\/\"},{\"@type\":\"ListItem\",\"position\":2,\"name\":\"RECETA DE BERENJENAS RELLENAS DE CARNE\"}]},{\"@type\":\"WebSite\",\"@id\":\"https:\/\/kuken.es\/#website\",\"url\":\"https:\/\/kuken.es\/\",\"name\":\"K\u00fcken\",\"description\":\"Amplia gama de peque\u00f1o electrodom\u00e9stico k\u00fcken\",\"publisher\":{\"@id\":\"https:\/\/kuken.es\/#organization\"},\"potentialAction\":[{\"@type\":\"SearchAction\",\"target\":{\"@type\":\"EntryPoint\",\"urlTemplate\":\"https:\/\/kuken.es\/?s={search_term_string}\"},\"query-input\":{\"@type\":\"PropertyValueSpecification\",\"valueRequired\":true,\"valueName\":\"search_term_string\"}}],\"inLanguage\":\"de\"},{\"@type\":\"Organization\",\"@id\":\"https:\/\/kuken.es\/#organization\",\"name\":\"Alfa Dyser\",\"url\":\"https:\/\/kuken.es\/\",\"logo\":{\"@type\":\"ImageObject\",\"inLanguage\":\"de\",\"@id\":\"https:\/\/kuken.es\/#\/schema\/logo\/image\/\",\"url\":\"https:\/\/kuken.es\/wp-content\/uploads\/2019\/04\/kuken-logo.png\",\"contentUrl\":\"https:\/\/kuken.es\/wp-content\/uploads\/2019\/04\/kuken-logo.png\",\"width\":500,\"height\":191,\"caption\":\"Alfa Dyser\"},\"image\":{\"@id\":\"https:\/\/kuken.es\/#\/schema\/logo\/image\/\"},\"sameAs\":[\"https:\/\/es-es.facebook.com\/alfadyser\/\",\"https:\/\/www.instagram.com\/kuken_appliances\/\"]},{\"@type\":\"Person\",\"@id\":\"https:\/\/kuken.es\/#\/schema\/person\/eff2331e8b66b14cf263fbffae5a0358\",\"name\":\"Alfa Dyser\",\"image\":{\"@type\":\"ImageObject\",\"inLanguage\":\"de\",\"@id\":\"https:\/\/kuken.es\/#\/schema\/person\/image\/\",\"url\":\"https:\/\/secure.gravatar.com\/avatar\/8c9a2fbb059cc143a6cc9e1f366820a820fce0d0ad854661740e2ddff3bec5a9?s=96&d=mm&r=g\",\"contentUrl\":\"https:\/\/secure.gravatar.com\/avatar\/8c9a2fbb059cc143a6cc9e1f366820a820fce0d0ad854661740e2ddff3bec5a9?s=96&d=mm&r=g\",\"caption\":\"Alfa Dyser\"},\"url\":\"https:\/\/kuken.es\/de\/blog\/author\/alfa\/\"}]}<\/script>\n<!-- \/ Yoast SEO Premium plugin. -->","yoast_head_json":{"title":"REZEPT F\u00dcR FLEISCHGEL\u00d6STE ERDBEEREN - K\u00fcken","description":"Rezept f\u00fcr mit Fleisch gef\u00fcllte Auberginen mit der K\u00fcchenmaschine K\u00fcken. Auf der K\u00fcken-Website finden Sie ein Schritt-f\u00fcr-Schritt-Rezept.","robots":{"index":"index","follow":"follow","max-snippet":"max-snippet:-1","max-image-preview":"max-image-preview:large","max-video-preview":"max-video-preview:-1"},"canonical":"https:\/\/kuken.es\/de\/blog\/2020\/11\/17\/auberginen-gefullt-mit-fleisch-rezept-2\/","og_locale":"de_DE","og_type":"article","og_title":"RECETA DE BERENJENAS RELLENAS DE CARNE","og_description":"Receta de berenjenas rellenas de carne con el robot de cocina K\u00fcken. Visita la web de K\u00fcken para ver la receta paso a paso.","og_url":"https:\/\/kuken.es\/de\/blog\/2020\/11\/17\/auberginen-gefullt-mit-fleisch-rezept-2\/","og_site_name":"K\u00fcken","article_publisher":"https:\/\/es-es.facebook.com\/alfadyser\/","article_published_time":"2020-11-17T13:44:27+00:00","og_image":[{"width":480,"height":658,"url":"https:\/\/kuken.es\/wp-content\/uploads\/berenjenas-rellenas.jpg","type":"image\/jpeg"}],"author":"Alfa Dyser","twitter_card":"summary_large_image","twitter_misc":{"Verfasst von":"Alfa Dyser","Gesch\u00e4tzte Lesezeit":"3\u00a0Minuten"},"schema":{"@context":"https:\/\/schema.org","@graph":[{"@type":"Article","@id":"https:\/\/kuken.es\/blog\/2020\/11\/17\/receta-de-berenjenas-rellenas-de-carne\/#article","isPartOf":{"@id":"https:\/\/kuken.es\/blog\/2020\/11\/17\/receta-de-berenjenas-rellenas-de-carne\/"},"author":{"name":"Alfa Dyser","@id":"https:\/\/kuken.es\/#\/schema\/person\/eff2331e8b66b14cf263fbffae5a0358"},"headline":"RECETA DE BERENJENAS RELLENAS DE CARNE","datePublished":"2020-11-17T13:44:27+00:00","mainEntityOfPage":{"@id":"https:\/\/kuken.es\/blog\/2020\/11\/17\/receta-de-berenjenas-rellenas-de-carne\/"},"wordCount":551,"commentCount":0,"publisher":{"@id":"https:\/\/kuken.es\/#organization"},"image":{"@id":"https:\/\/kuken.es\/blog\/2020\/11\/17\/receta-de-berenjenas-rellenas-de-carne\/#primaryimage"},"thumbnailUrl":"https:\/\/kuken.es\/wp-content\/uploads\/berenjenas-rellenas.jpg","articleSection":["Uncategorized"],"inLanguage":"de","potentialAction":[{"@type":"CommentAction","name":"Comment","target":["https:\/\/kuken.es\/blog\/2020\/11\/17\/receta-de-berenjenas-rellenas-de-carne\/#respond"]}]},{"@type":"WebPage","@id":"https:\/\/kuken.es\/blog\/2020\/11\/17\/receta-de-berenjenas-rellenas-de-carne\/","url":"https:\/\/kuken.es\/blog\/2020\/11\/17\/receta-de-berenjenas-rellenas-de-carne\/","name":"REZEPT F\u00dcR FLEISCHGEL\u00d6STE ERDBEEREN - K\u00fcken","isPartOf":{"@id":"https:\/\/kuken.es\/#website"},"primaryImageOfPage":{"@id":"https:\/\/kuken.es\/blog\/2020\/11\/17\/receta-de-berenjenas-rellenas-de-carne\/#primaryimage"},"image":{"@id":"https:\/\/kuken.es\/blog\/2020\/11\/17\/receta-de-berenjenas-rellenas-de-carne\/#primaryimage"},"thumbnailUrl":"https:\/\/kuken.es\/wp-content\/uploads\/berenjenas-rellenas.jpg","datePublished":"2020-11-17T13:44:27+00:00","description":"Rezept f\u00fcr mit Fleisch gef\u00fcllte Auberginen mit der K\u00fcchenmaschine K\u00fcken. Auf der K\u00fcken-Website finden Sie ein Schritt-f\u00fcr-Schritt-Rezept.","breadcrumb":{"@id":"https:\/\/kuken.es\/blog\/2020\/11\/17\/receta-de-berenjenas-rellenas-de-carne\/#breadcrumb"},"inLanguage":"de","potentialAction":[{"@type":"ReadAction","target":["https:\/\/kuken.es\/blog\/2020\/11\/17\/receta-de-berenjenas-rellenas-de-carne\/"]}]},{"@type":"ImageObject","inLanguage":"de","@id":"https:\/\/kuken.es\/blog\/2020\/11\/17\/receta-de-berenjenas-rellenas-de-carne\/#primaryimage","url":"https:\/\/kuken.es\/wp-content\/uploads\/berenjenas-rellenas.jpg","contentUrl":"https:\/\/kuken.es\/wp-content\/uploads\/berenjenas-rellenas.jpg","width":480,"height":658,"caption":"Receta de berenjenas rellenas de carne con robot de cocina"},{"@type":"BreadcrumbList","@id":"https:\/\/kuken.es\/blog\/2020\/11\/17\/receta-de-berenjenas-rellenas-de-carne\/#breadcrumb","itemListElement":[{"@type":"ListItem","position":1,"name":"Portada","item":"https:\/\/kuken.es\/"},{"@type":"ListItem","position":2,"name":"RECETA DE BERENJENAS RELLENAS DE CARNE"}]},{"@type":"WebSite","@id":"https:\/\/kuken.es\/#website","url":"https:\/\/kuken.es\/","name":"K\u00fcken","description":"Gro\u00dfe Auswahl an k\u00fcken Haushaltskleinger\u00e4ten","publisher":{"@id":"https:\/\/kuken.es\/#organization"},"potentialAction":[{"@type":"SearchAction","target":{"@type":"EntryPoint","urlTemplate":"https:\/\/kuken.es\/?s={search_term_string}"},"query-input":{"@type":"PropertyValueSpecification","valueRequired":true,"valueName":"search_term_string"}}],"inLanguage":"de"},{"@type":"Organization","@id":"https:\/\/kuken.es\/#organization","name":"Alpha Dyser","url":"https:\/\/kuken.es\/","logo":{"@type":"ImageObject","inLanguage":"de","@id":"https:\/\/kuken.es\/#\/schema\/logo\/image\/","url":"https:\/\/kuken.es\/wp-content\/uploads\/2019\/04\/kuken-logo.png","contentUrl":"https:\/\/kuken.es\/wp-content\/uploads\/2019\/04\/kuken-logo.png","width":500,"height":191,"caption":"Alfa Dyser"},"image":{"@id":"https:\/\/kuken.es\/#\/schema\/logo\/image\/"},"sameAs":["https:\/\/es-es.facebook.com\/alfadyser\/","https:\/\/www.instagram.com\/kuken_appliances\/"]},{"@type":"Person","@id":"https:\/\/kuken.es\/#\/schema\/person\/eff2331e8b66b14cf263fbffae5a0358","name":"Alpha Dyser","image":{"@type":"ImageObject","inLanguage":"de","@id":"https:\/\/kuken.es\/#\/schema\/person\/image\/","url":"https:\/\/secure.gravatar.com\/avatar\/8c9a2fbb059cc143a6cc9e1f366820a820fce0d0ad854661740e2ddff3bec5a9?s=96&d=mm&r=g","contentUrl":"https:\/\/secure.gravatar.com\/avatar\/8c9a2fbb059cc143a6cc9e1f366820a820fce0d0ad854661740e2ddff3bec5a9?s=96&d=mm&r=g","caption":"Alfa Dyser"},"url":"https:\/\/kuken.es\/de\/blog\/author\/alfa\/"}]}},"_links":{"self":[{"href":"https:\/\/kuken.es\/de\/wp-json\/wp\/v2\/posts\/6428","targetHints":{"allow":["GET"]}}],"collection":[{"href":"https:\/\/kuken.es\/de\/wp-json\/wp\/v2\/posts"}],"about":[{"href":"https:\/\/kuken.es\/de\/wp-json\/wp\/v2\/types\/post"}],"author":[{"embeddable":true,"href":"https:\/\/kuken.es\/de\/wp-json\/wp\/v2\/users\/4"}],"replies":[{"embeddable":true,"href":"https:\/\/kuken.es\/de\/wp-json\/wp\/v2\/comments?post=6428"}],"version-history":[{"count":0,"href":"https:\/\/kuken.es\/de\/wp-json\/wp\/v2\/posts\/6428\/revisions"}],"wp:featuredmedia":[{"embeddable":true,"href":"https:\/\/kuken.es\/de\/wp-json\/wp\/v2\/media\/6430"}],"wp:attachment":[{"href":"https:\/\/kuken.es\/de\/wp-json\/wp\/v2\/media?parent=6428"}],"wp:term":[{"taxonomy":"category","embeddable":true,"href":"https:\/\/kuken.es\/de\/wp-json\/wp\/v2\/categories?post=6428"},{"taxonomy":"post_tag","embeddable":true,"href":"https:\/\/kuken.es\/de\/wp-json\/wp\/v2\/tags?post=6428"}],"curies":[{"name":"wp","href":"https:\/\/api.w.org\/{rel}","templated":true}]}}