{"id":4019,"date":"2020-05-05T08:52:16","date_gmt":"2020-05-05T06:52:16","guid":{"rendered":"https:\/\/kuken.es\/?p=4019"},"modified":"2020-05-05T08:52:16","modified_gmt":"2020-05-05T06:52:16","slug":"rasierapparate-mit-rotierenden-klingen","status":"publish","type":"post","link":"https:\/\/kuken.es\/de\/blog\/2020\/05\/05\/rasierapparate-mit-rotierenden-klingen\/","title":{"rendered":"Folien- oder Rotationsrasierer 3w k\u00fcken premium"},"content":{"rendered":"<h2 style=\"text-align: center;\"><span class=\"s1\" style=\"font-size: 18pt;\"><b>Suchen Sie einen guten Elektrorasierer? Sie brauchen nicht weiter zu suchen.<\/b><\/span><\/h2>\n<p><span style=\"font-size: 12pt; color: #000000;\">Folienrasierer oder Rotationsrasierer sind heute f\u00fcr viele M\u00e4nner zu einem unverzichtbaren Alltagsgegenstand geworden.<\/span><\/p>\n<p><span style=\"font-size: 12pt; color: #000000;\">Aber zuerst m\u00fcssen Sie wissen, welche Art von Rasierer f\u00fcr Sie am besten geeignet ist, je nach<strong> die Art Ihres Bartes, die H\u00e4ufigkeit Ihrer Rasur oder die Empfindlichkeit Ihrer Haut<\/strong>. Wenn Ihre Haut empfindlicher ist, werden Sie das eine oder andere Modell ben\u00f6tigen.<\/span><\/p>\n<blockquote>\n<h3><span style=\"font-size: 12pt; color: #000000;\"><span style=\"color: #ff0000; font-size: 16pt;\">Unter<\/span><span style=\"color: #ff0000; font-size: 16pt;\"> k\u00fcken k\u00f6nnen Sie Folienrasierer oder Rotationsrasierer finden.<\/span>. <\/span><\/h3>\n<\/blockquote>\n<h3><span style=\"font-size: 12pt; color: #000000;\">Aber wissen Sie, was die Unterschiede zwischen den beiden sind? Heute werden wir Ihnen einige ihrer Eigenschaften vorstellen, damit Sie das f\u00fcr Sie am besten geeignete Modell ausw\u00e4hlen k\u00f6nnen.<\/span><\/h3>\n<blockquote>\n<h3><span style=\"color: #ff0000; font-size: 16pt;\">Beginnen wir mit den Folienrasierern.<\/span><\/h3>\n<\/blockquote>\n<p><span style=\"font-size: 12pt; color: #000000;\">Wenn Sie sich f\u00fcr einen Folienrasierer entscheiden, finden Sie Ger\u00e4te, die sich durch eine Folie auszeichnen, die Ihre Haut sch\u00fctzt und unter der sich die Klingen befinden.<\/span><\/p>\n<p><span style=\"font-size: 12pt; color: #000000;\">In diesem Fall ist diese Art von Rasierern\u00a0<strong>Seitw\u00e4rtsbewegungen machen<\/strong><strong>,<\/strong>\u00a0nahe an der Haut, so dass die Haare abgeschnitten werden. Die Folie f\u00e4ngt die Haare ein und schneidet sie besser als rotierende Rasierapparate. Wenn Sie also auf der Suche nach einer pr\u00e4ziseren Rasur sind, empfehlen wir Ihnen einen Folienrasierer, mit dem Sie Ihre Koteletten oder Ihren Bart in Form bringen k\u00f6nnen.<\/span><\/p>\n<p><span style=\"font-size: 12pt; color: #000000;\">Auf der anderen Seite m\u00f6chten wir Sie ermutigen, unseren Rasierer auszuprobieren. <strong>k\u00fcken 3w wiederaufladbarer Flachkopf-Folienrasierer,<\/strong> mit seinem kompletten Zubeh\u00f6rsatz erhalten Sie eine pr\u00e4zisere Rasur und erreichen so auch die schwierigsten Stellen Ihres Gesichts.<\/span><\/p>\n<blockquote>\n<h3 class=\"p11\"><span class=\"s1\" style=\"font-size: 16pt; color: #ff0000;\">Vor allem aber stellen wir die Merkmale detailliert dar, damit Sie vergleichen k\u00f6nnen.<\/span><\/h3>\n<\/blockquote>\n<ul>\n<li><span style=\"color: #000000; font-size: 12pt;\">Leistung: 3 W.<\/span><img loading=\"lazy\" decoding=\"async\" class=\"alignright wp-image-4023\" src=\"https:\/\/kuken.es\/wp-content\/uploads\/2020\/03\/34093_1-300x300.jpg\" alt=\"Folien- oder Rotationsrasierer\" width=\"376\" height=\"376\" srcset=\"https:\/\/kuken.es\/wp-content\/uploads\/2020\/03\/34093_1-300x300.jpg 300w, https:\/\/kuken.es\/wp-content\/uploads\/2020\/03\/34093_1-450x450.jpg 450w, https:\/\/kuken.es\/wp-content\/uploads\/2020\/03\/34093_1-600x600.jpg 600w, https:\/\/kuken.es\/wp-content\/uploads\/2020\/03\/34093_1-150x150.jpg 150w, https:\/\/kuken.es\/wp-content\/uploads\/2020\/03\/34093_1-768x768.jpg 768w, https:\/\/kuken.es\/wp-content\/uploads\/2020\/03\/34093_1-1024x1024.jpg 1024w, https:\/\/kuken.es\/wp-content\/uploads\/2020\/03\/34093_1-146x146.jpg 146w, https:\/\/kuken.es\/wp-content\/uploads\/2020\/03\/34093_1-50x50.jpg 50w, https:\/\/kuken.es\/wp-content\/uploads\/2020\/03\/34093_1-75x75.jpg 75w, https:\/\/kuken.es\/wp-content\/uploads\/2020\/03\/34093_1-85x85.jpg 85w, https:\/\/kuken.es\/wp-content\/uploads\/2020\/03\/34093_1-80x80.jpg 80w, https:\/\/kuken.es\/wp-content\/uploads\/2020\/03\/34093_1.jpg 2000w\" sizes=\"auto, (max-width:767px) 376px, 376px\" \/><\/li>\n<li><span style=\"color: #000000; font-size: 12pt;\">Spannung: 220 - 240 V ~ 50 Hz.<\/span><\/li>\n<li><span style=\"color: #000000; font-size: 12pt;\">Akku: Ni-MH 600 mAh.<\/span><\/li>\n<li><span style=\"color: #000000; font-size: 12pt;\">Fortschrittliches Schneidesystem .<\/span><\/li>\n<li><span style=\"color: #000000; font-size: 12pt;\">Mit Klingen aus rostfreiem Stahl erzielen Sie die bestm\u00f6glichen Ergebnisse.<\/span><span style=\"color: #000000; font-size: 12pt;\">H\u00f6chste Schnittpr\u00e4zision.<\/span><\/li>\n<li><span style=\"color: #000000; font-size: 12pt;\">35 Minuten Autonomie. <\/span><\/li>\n<li><span style=\"color: #000000; font-size: 12pt;\">Verl\u00e4ngerbares Ladekabel.<\/span><\/li>\n<li><span style=\"color: #000000; font-size: 12pt;\">Inklusive Profilierungszubeh\u00f6r.<\/span><\/li>\n<li><span style=\"color: #000000; font-size: 12pt;\">Rasiert selbst den k\u00fcrzesten Bart.<\/span><\/li>\n<li><span style=\"color: #000000; font-size: 12pt;\">Anzeige der Batterieladung.<\/span><\/li>\n<li><span style=\"color: #000000; font-size: 12pt;\">Ergonomisches Design, f\u00fcr mehr Komfort bei der Benutzung<\/span><\/li>\n<li><span style=\"color: #000000; font-size: 12pt;\">Inklusive Nachf\u00fcllpackungen und Reinigungsb\u00fcrste.<\/span><\/li>\n<li><span style=\"color: #000000; font-size: 12pt;\">2 Jahre Garantie. <\/span><\/li>\n<li><span style=\"color: #000000; font-size: 12pt;\">Gewicht: 118 g.<\/span><\/li>\n<\/ul>\n<blockquote><p><span style=\"color: #ff0000; font-size: 16pt;\">Auf der anderen Seite haben wir rotierende Rasierapparate.<\/span><\/p><\/blockquote>\n<p><span style=\"font-size: 12pt; color: #000000;\">Wenn wir \u00fcber Rotationsrasierer sprechen, finden wir Modelle, die sich dadurch auszeichnen, dass sie einen\u00a0<strong>Rundkopf<\/strong><strong>,<\/strong> wo sich die Fl\u00fcgel befinden. Dank dieses kreisf\u00f6rmigen Kopfes passt sich das Ger\u00e4t perfekt an Ihr Gesicht an. Die <strong>Drehbewegung<\/strong>\u00a0dieses Kopfes bewirken, dass die Klingen die Haare schneiden.<\/span><\/p>\n<p><span style=\"font-size: 12pt; color: #000000;\">Dieses Rasierermodell kann verschiedene Arten von Haaren schneiden, je nach Dicke und L\u00e4nge, und seine Drehbewegungen sind angezeigt, um bestimmte Bereiche wie das Kinn und den Hals zu erreichen.<\/span><\/p>\n<p><span style=\"font-size: 12pt; color: #000000;\">Das wird Ihnen sicher gefallen <strong>k\u00fcken 3w rotary head wiederaufladbarer rasierer, <\/strong>Der Rasierer sorgt f\u00fcr eine glatte Rasur bei der Nassrasur mit Gel oder Schaum. Er verf\u00fcgt \u00fcber flexible, abgerundete K\u00f6pfe, die sich den Kurven Ihres Gesichts anpassen und sanft gleiten.<\/span><\/p>\n<blockquote>\n<h3><span style=\"font-size: 16pt; color: #ff0000;\">Wir zeigen Ihnen auch seine technischen Daten.<\/span><\/h3>\n<\/blockquote>\n<ul>\n<li><span style=\"font-size: 12pt; color: #000000;\">Leistung: 3 W. <\/span><\/li>\n<li><span style=\"font-size: 12pt; color: #000000;\">Spannung: 220 - 240 V ~ 50 Hz.<\/span><\/li>\n<li><span style=\"font-size: 12pt; color: #000000;\">Adapter: 3 V - 300 MA.<\/span><img loading=\"lazy\" decoding=\"async\" class=\"alignright wp-image-3693\" src=\"https:\/\/kuken.es\/wp-content\/uploads\/2020\/03\/AFEITADORA-RECARGABLE-CABEZAL-ROTATIVO-KUKEN-300x300.jpg\" alt=\"Folien- oder Rotationsrasierer\" width=\"375\" height=\"375\" srcset=\"https:\/\/kuken.es\/wp-content\/uploads\/2020\/03\/AFEITADORA-RECARGABLE-CABEZAL-ROTATIVO-KUKEN-300x300.jpg 300w, https:\/\/kuken.es\/wp-content\/uploads\/2020\/03\/AFEITADORA-RECARGABLE-CABEZAL-ROTATIVO-KUKEN-450x450.jpg 450w, https:\/\/kuken.es\/wp-content\/uploads\/2020\/03\/AFEITADORA-RECARGABLE-CABEZAL-ROTATIVO-KUKEN-600x600.jpg 600w, https:\/\/kuken.es\/wp-content\/uploads\/2020\/03\/AFEITADORA-RECARGABLE-CABEZAL-ROTATIVO-KUKEN-150x150.jpg 150w, https:\/\/kuken.es\/wp-content\/uploads\/2020\/03\/AFEITADORA-RECARGABLE-CABEZAL-ROTATIVO-KUKEN-768x768.jpg 768w, https:\/\/kuken.es\/wp-content\/uploads\/2020\/03\/AFEITADORA-RECARGABLE-CABEZAL-ROTATIVO-KUKEN-146x146.jpg 146w, https:\/\/kuken.es\/wp-content\/uploads\/2020\/03\/AFEITADORA-RECARGABLE-CABEZAL-ROTATIVO-KUKEN-50x50.jpg 50w, https:\/\/kuken.es\/wp-content\/uploads\/2020\/03\/AFEITADORA-RECARGABLE-CABEZAL-ROTATIVO-KUKEN-75x75.jpg 75w, https:\/\/kuken.es\/wp-content\/uploads\/2020\/03\/AFEITADORA-RECARGABLE-CABEZAL-ROTATIVO-KUKEN-85x85.jpg 85w, https:\/\/kuken.es\/wp-content\/uploads\/2020\/03\/AFEITADORA-RECARGABLE-CABEZAL-ROTATIVO-KUKEN-80x80.jpg 80w, https:\/\/kuken.es\/wp-content\/uploads\/2020\/03\/AFEITADORA-RECARGABLE-CABEZAL-ROTATIVO-KUKEN.jpg 853w\" sizes=\"auto, (max-width:767px) 375px, 375px\" \/><\/li>\n<li><span style=\"font-size: 12pt; color: #000000;\">Rotierende Klingen aus rostfreiem Stahl.<\/span><\/li>\n<li><span style=\"font-size: 12pt; color: #000000;\">3D-Rotationskopf, passt sich der gesamten Gesichtskontur mit h\u00f6chster Schnittpr\u00e4zision an.<\/span><\/li>\n<li><span style=\"font-size: 12pt; color: #000000;\">Doppelte Pr\u00e4zision, rasiert selbst den k\u00fcrzesten Bart.<\/span><\/li>\n<li><span style=\"font-size: 12pt; color: #000000;\">45 Minuten Autonomie.<\/span><\/li>\n<li><span style=\"font-size: 12pt; color: #000000;\">Abnehmbarer und wasserdichter Kopf f\u00fcr einfache Reinigung.<\/span><\/li>\n<li><span style=\"font-size: 12pt; color: #000000;\">Die Lift-and-Cut-Technologie f\u00fcr eine gr\u00fcndliche und gr\u00fcndliche Rasur bringt jedes einzelne Haar sorgf\u00e4ltig in die beste Schnittposition.<\/span><\/li>\n<li><span style=\"font-size: 12pt; color: #000000;\">Pr\u00e4zisionskotelettenprofilierer.<\/span><\/li>\n<li><span style=\"font-size: 12pt; color: #000000;\">Ergonomisches Design, f\u00fcr mehr Komfort bei der Benutzung.<\/span><\/li>\n<li><span style=\"font-size: 12pt; color: #000000;\">Anzeige der Batterieladung.<\/span><\/li>\n<li><span style=\"font-size: 12pt; color: #000000;\">2 Jahre Garantie.<\/span><\/li>\n<li><span style=\"font-size: 12pt; color: #000000;\">Gewicht: 0,15 kg.<\/span><\/li>\n<\/ul>\n<blockquote>\n<h3><span style=\"font-size: 16pt; color: #ff0000;\">\u00a0Folienrasierer oder Rotationsrasierer - Sie wissen schon, welcher...<\/span><\/h3>\n<p><span style=\"font-size: 12pt; color: #000000;\">Beide Rasierapparate haben ihre Vor- und Nachteile.<\/span><\/p>\n<p><span style=\"font-size: 12pt; color: #000000;\">Und vor allem: Entdecken Sie\u00a0<strong>was die einzelnen Rasierermodelle bieten<\/strong> und sch\u00e4tzen Ihre Bed\u00fcrfnisse bei der t\u00e4glichen Rasur.<\/span><\/p><\/blockquote>\n<div class=\"vc_row wpb_row section vc_row-fluid\">\n<div class=\"full_section_inner clearfix\">\n<div class=\"wpb_column vc_column_container vc_col-sm-12\">\n<div class=\"vc_column-inner\">\n<div class=\"wpb_wrapper\">\n<blockquote>\n<h3 class=\"blockquote-text\"><span style=\"font-size: 16pt; color: #ff0000;\">Wenn Sie hingegen Ihren Bart oder Ihren Haarschnitt vervollst\u00e4ndigen m\u00f6chten, finden Sie hier, was Sie suchen.<\/span><\/h3>\n<\/blockquote>\n<\/div>\n<\/div>\n<\/div>\n<\/div>\n<\/div>\n<div class=\"vc_row wpb_row section vc_row-fluid\">\n<div class=\"full_section_inner clearfix\">\n<div class=\"wpb_column vc_column_container vc_col-sm-12\">\n<div class=\"vc_column-inner\">\n<div class=\"wpb_wrapper\">\n<div class=\"wpb_text_column wpb_content_element\">\n<div class=\"wpb_wrapper\">\n<blockquote><p><span style=\"color: #3366ff; font-size: 12pt;\"><strong><a style=\"color: #3366ff;\" href=\"https:\/\/kuken.es\/de\/cortapelos\/\">https:\/\/kuken.es\/cortapelos\/<\/a><\/strong><\/span><\/p><\/blockquote>\n<\/div>\n<\/div>\n<\/div>\n<\/div>\n<\/div>\n<\/div>\n<\/div>\n<blockquote>\n<div class=\"vc_row wpb_row section vc_row-fluid\">\n<div class=\"full_section_inner clearfix\">\n<div class=\"wpb_column vc_column_container vc_col-sm-12\">\n<div class=\"vc_column-inner\">\n<div class=\"wpb_wrapper\">\n<blockquote class=\"with_quote_icon\"><p>&nbsp;<\/p><\/blockquote>\n<\/div>\n<\/div>\n<\/div>\n<\/div>\n<\/div>\n<\/blockquote>\n<div class=\"vc_row wpb_row section vc_row-fluid\">\n<div class=\"full_section_inner clearfix\">\n<div class=\"wpb_column vc_column_container vc_col-sm-12\">\n<div class=\"vc_column-inner\">\n<div class=\"wpb_wrapper\">\n<blockquote>\n<h3 class=\"blockquote-text\"><em><span style=\"color: #ff0000; font-size: 18pt;\">Erh\u00e4ltlich in Ihrem \u00f6rtlichen Eisenwaren- und Kleinger\u00e4tegesch\u00e4ft.<\/span><\/em><\/h3>\n<\/blockquote>\n<\/div>\n<\/div>\n<\/div>\n<\/div>\n<\/div>\n<blockquote><p>&nbsp;<\/p>\n<p>&nbsp;<\/p><\/blockquote>","protected":false},"excerpt":{"rendered":"<p>Suchen Sie einen guten Elektrorasierer? Suchen Sie nicht weiter. Heutzutage sind Folien- oder Rotationsrasierer eine beliebte Wahl geworden.<span class=\"excerpt-hellip\"> [...]<\/span><\/p>","protected":false},"author":4,"featured_media":4023,"comment_status":"open","ping_status":"open","sticky":false,"template":"","format":"standard","meta":{"footnotes":""},"categories":[1],"tags":[],"class_list":["post-4019","post","type-post","status-publish","format-standard","has-post-thumbnail","hentry","category-uncategorized"],"yoast_head":"<!-- This site is optimized with the Yoast SEO Premium plugin v24.0 (Yoast SEO v26.5) - https:\/\/yoast.com\/wordpress\/plugins\/seo\/ -->\n<title>Afeitadoras de l\u00e1minas o rotativas 3w k\u00fcken premium - K\u00fcken<\/title>\n<meta name=\"description\" content=\"Elige entre afeitadoras de l\u00e1minas o rotativas la que mas se adapte a ti. Kuken tiene la afeitadora que necesitas. Mas informaci\u00f3n en nuestro blog\" \/>\n<meta name=\"robots\" content=\"index, follow, max-snippet:-1, max-image-preview:large, max-video-preview:-1\" \/>\n<link rel=\"canonical\" href=\"https:\/\/kuken.es\/de\/blog\/2020\/05\/05\/rasierapparate-mit-rotierenden-klingen\/\" \/>\n<meta property=\"og:locale\" content=\"de_DE\" \/>\n<meta property=\"og:type\" content=\"article\" \/>\n<meta property=\"og:title\" content=\"Afeitadoras de l\u00e1minas o rotativas 3w k\u00fcken premium\" \/>\n<meta property=\"og:description\" content=\"Elige entre afeitadoras de l\u00e1minas o rotativas la que mas se adapte a ti. Kuken tiene la afeitadora que necesitas. Mas informaci\u00f3n en nuestro blog\" \/>\n<meta property=\"og:url\" content=\"https:\/\/kuken.es\/de\/blog\/2020\/05\/05\/rasierapparate-mit-rotierenden-klingen\/\" \/>\n<meta property=\"og:site_name\" content=\"K\u00fcken\" \/>\n<meta property=\"article:publisher\" content=\"https:\/\/es-es.facebook.com\/alfadyser\/\" \/>\n<meta property=\"article:published_time\" content=\"2020-05-05T06:52:16+00:00\" \/>\n<meta property=\"og:image\" content=\"https:\/\/kuken.es\/wp-content\/uploads\/2020\/03\/34093_1.jpg\" \/>\n\t<meta property=\"og:image:width\" content=\"2000\" \/>\n\t<meta property=\"og:image:height\" content=\"2000\" \/>\n\t<meta property=\"og:image:type\" content=\"image\/jpeg\" \/>\n<meta name=\"author\" content=\"Alfa Dyser\" \/>\n<meta name=\"twitter:card\" content=\"summary_large_image\" \/>\n<meta name=\"twitter:label1\" content=\"Verfasst von\" \/>\n\t<meta name=\"twitter:data1\" content=\"Alfa Dyser\" \/>\n\t<meta name=\"twitter:label2\" content=\"Gesch\u00e4tzte Lesezeit\" \/>\n\t<meta name=\"twitter:data2\" content=\"4\u00a0Minuten\" \/>\n<script type=\"application\/ld+json\" class=\"yoast-schema-graph\">{\"@context\":\"https:\/\/schema.org\",\"@graph\":[{\"@type\":\"Article\",\"@id\":\"https:\/\/kuken.es\/blog\/2020\/05\/05\/afeitadoras-de-laminas-o-rotativas\/#article\",\"isPartOf\":{\"@id\":\"https:\/\/kuken.es\/blog\/2020\/05\/05\/afeitadoras-de-laminas-o-rotativas\/\"},\"author\":{\"name\":\"Alfa Dyser\",\"@id\":\"https:\/\/kuken.es\/#\/schema\/person\/eff2331e8b66b14cf263fbffae5a0358\"},\"headline\":\"Afeitadoras de l\u00e1minas o rotativas 3w k\u00fcken premium\",\"datePublished\":\"2020-05-05T06:52:16+00:00\",\"mainEntityOfPage\":{\"@id\":\"https:\/\/kuken.es\/blog\/2020\/05\/05\/afeitadoras-de-laminas-o-rotativas\/\"},\"wordCount\":734,\"commentCount\":0,\"publisher\":{\"@id\":\"https:\/\/kuken.es\/#organization\"},\"image\":{\"@id\":\"https:\/\/kuken.es\/blog\/2020\/05\/05\/afeitadoras-de-laminas-o-rotativas\/#primaryimage\"},\"thumbnailUrl\":\"https:\/\/kuken.es\/wp-content\/uploads\/2020\/03\/34093_1.jpg\",\"articleSection\":[\"Uncategorized\"],\"inLanguage\":\"de\",\"potentialAction\":[{\"@type\":\"CommentAction\",\"name\":\"Comment\",\"target\":[\"https:\/\/kuken.es\/blog\/2020\/05\/05\/afeitadoras-de-laminas-o-rotativas\/#respond\"]}]},{\"@type\":\"WebPage\",\"@id\":\"https:\/\/kuken.es\/blog\/2020\/05\/05\/afeitadoras-de-laminas-o-rotativas\/\",\"url\":\"https:\/\/kuken.es\/blog\/2020\/05\/05\/afeitadoras-de-laminas-o-rotativas\/\",\"name\":\"Afeitadoras de l\u00e1minas o rotativas 3w k\u00fcken premium - K\u00fcken\",\"isPartOf\":{\"@id\":\"https:\/\/kuken.es\/#website\"},\"primaryImageOfPage\":{\"@id\":\"https:\/\/kuken.es\/blog\/2020\/05\/05\/afeitadoras-de-laminas-o-rotativas\/#primaryimage\"},\"image\":{\"@id\":\"https:\/\/kuken.es\/blog\/2020\/05\/05\/afeitadoras-de-laminas-o-rotativas\/#primaryimage\"},\"thumbnailUrl\":\"https:\/\/kuken.es\/wp-content\/uploads\/2020\/03\/34093_1.jpg\",\"datePublished\":\"2020-05-05T06:52:16+00:00\",\"description\":\"Elige entre afeitadoras de l\u00e1minas o rotativas la que mas se adapte a ti. Kuken tiene la afeitadora que necesitas. Mas informaci\u00f3n en nuestro blog\",\"breadcrumb\":{\"@id\":\"https:\/\/kuken.es\/blog\/2020\/05\/05\/afeitadoras-de-laminas-o-rotativas\/#breadcrumb\"},\"inLanguage\":\"de\",\"potentialAction\":[{\"@type\":\"ReadAction\",\"target\":[\"https:\/\/kuken.es\/blog\/2020\/05\/05\/afeitadoras-de-laminas-o-rotativas\/\"]}]},{\"@type\":\"ImageObject\",\"inLanguage\":\"de\",\"@id\":\"https:\/\/kuken.es\/blog\/2020\/05\/05\/afeitadoras-de-laminas-o-rotativas\/#primaryimage\",\"url\":\"https:\/\/kuken.es\/wp-content\/uploads\/2020\/03\/34093_1.jpg\",\"contentUrl\":\"https:\/\/kuken.es\/wp-content\/uploads\/2020\/03\/34093_1.jpg\",\"width\":2000,\"height\":2000,\"caption\":\"afeitadora-laminas-plana\"},{\"@type\":\"BreadcrumbList\",\"@id\":\"https:\/\/kuken.es\/blog\/2020\/05\/05\/afeitadoras-de-laminas-o-rotativas\/#breadcrumb\",\"itemListElement\":[{\"@type\":\"ListItem\",\"position\":1,\"name\":\"Portada\",\"item\":\"https:\/\/kuken.es\/\"},{\"@type\":\"ListItem\",\"position\":2,\"name\":\"Afeitadoras de l\u00e1minas o rotativas 3w k\u00fcken premium\"}]},{\"@type\":\"WebSite\",\"@id\":\"https:\/\/kuken.es\/#website\",\"url\":\"https:\/\/kuken.es\/\",\"name\":\"K\u00fcken\",\"description\":\"Amplia gama de peque\u00f1o electrodom\u00e9stico k\u00fcken\",\"publisher\":{\"@id\":\"https:\/\/kuken.es\/#organization\"},\"potentialAction\":[{\"@type\":\"SearchAction\",\"target\":{\"@type\":\"EntryPoint\",\"urlTemplate\":\"https:\/\/kuken.es\/?s={search_term_string}\"},\"query-input\":{\"@type\":\"PropertyValueSpecification\",\"valueRequired\":true,\"valueName\":\"search_term_string\"}}],\"inLanguage\":\"de\"},{\"@type\":\"Organization\",\"@id\":\"https:\/\/kuken.es\/#organization\",\"name\":\"Alfa Dyser\",\"url\":\"https:\/\/kuken.es\/\",\"logo\":{\"@type\":\"ImageObject\",\"inLanguage\":\"de\",\"@id\":\"https:\/\/kuken.es\/#\/schema\/logo\/image\/\",\"url\":\"https:\/\/kuken.es\/wp-content\/uploads\/2019\/04\/kuken-logo.png\",\"contentUrl\":\"https:\/\/kuken.es\/wp-content\/uploads\/2019\/04\/kuken-logo.png\",\"width\":500,\"height\":191,\"caption\":\"Alfa Dyser\"},\"image\":{\"@id\":\"https:\/\/kuken.es\/#\/schema\/logo\/image\/\"},\"sameAs\":[\"https:\/\/es-es.facebook.com\/alfadyser\/\",\"https:\/\/www.instagram.com\/kuken_appliances\/\"]},{\"@type\":\"Person\",\"@id\":\"https:\/\/kuken.es\/#\/schema\/person\/eff2331e8b66b14cf263fbffae5a0358\",\"name\":\"Alfa Dyser\",\"image\":{\"@type\":\"ImageObject\",\"inLanguage\":\"de\",\"@id\":\"https:\/\/kuken.es\/#\/schema\/person\/image\/\",\"url\":\"https:\/\/secure.gravatar.com\/avatar\/8c9a2fbb059cc143a6cc9e1f366820a820fce0d0ad854661740e2ddff3bec5a9?s=96&d=mm&r=g\",\"contentUrl\":\"https:\/\/secure.gravatar.com\/avatar\/8c9a2fbb059cc143a6cc9e1f366820a820fce0d0ad854661740e2ddff3bec5a9?s=96&d=mm&r=g\",\"caption\":\"Alfa Dyser\"},\"url\":\"https:\/\/kuken.es\/de\/blog\/author\/alfa\/\"}]}<\/script>\n<!-- \/ Yoast SEO Premium plugin. -->","yoast_head_json":{"title":"Folien- oder Elektrorasierer 3w k\u00fcken premium - K\u00fcken","description":"W\u00e4hlen Sie zwischen Folien- und Rotationsrasierern, je nachdem, was am besten zu Ihnen passt. Kuken hat den Rasierer, den Sie brauchen. Weitere Informationen in unserem Blog","robots":{"index":"index","follow":"follow","max-snippet":"max-snippet:-1","max-image-preview":"max-image-preview:large","max-video-preview":"max-video-preview:-1"},"canonical":"https:\/\/kuken.es\/de\/blog\/2020\/05\/05\/rasierapparate-mit-rotierenden-klingen\/","og_locale":"de_DE","og_type":"article","og_title":"Afeitadoras de l\u00e1minas o rotativas 3w k\u00fcken premium","og_description":"Elige entre afeitadoras de l\u00e1minas o rotativas la que mas se adapte a ti. Kuken tiene la afeitadora que necesitas. Mas informaci\u00f3n en nuestro blog","og_url":"https:\/\/kuken.es\/de\/blog\/2020\/05\/05\/rasierapparate-mit-rotierenden-klingen\/","og_site_name":"K\u00fcken","article_publisher":"https:\/\/es-es.facebook.com\/alfadyser\/","article_published_time":"2020-05-05T06:52:16+00:00","og_image":[{"width":2000,"height":2000,"url":"https:\/\/kuken.es\/wp-content\/uploads\/2020\/03\/34093_1.jpg","type":"image\/jpeg"}],"author":"Alfa Dyser","twitter_card":"summary_large_image","twitter_misc":{"Verfasst von":"Alfa Dyser","Gesch\u00e4tzte Lesezeit":"4\u00a0Minuten"},"schema":{"@context":"https:\/\/schema.org","@graph":[{"@type":"Article","@id":"https:\/\/kuken.es\/blog\/2020\/05\/05\/afeitadoras-de-laminas-o-rotativas\/#article","isPartOf":{"@id":"https:\/\/kuken.es\/blog\/2020\/05\/05\/afeitadoras-de-laminas-o-rotativas\/"},"author":{"name":"Alfa Dyser","@id":"https:\/\/kuken.es\/#\/schema\/person\/eff2331e8b66b14cf263fbffae5a0358"},"headline":"Afeitadoras de l\u00e1minas o rotativas 3w k\u00fcken premium","datePublished":"2020-05-05T06:52:16+00:00","mainEntityOfPage":{"@id":"https:\/\/kuken.es\/blog\/2020\/05\/05\/afeitadoras-de-laminas-o-rotativas\/"},"wordCount":734,"commentCount":0,"publisher":{"@id":"https:\/\/kuken.es\/#organization"},"image":{"@id":"https:\/\/kuken.es\/blog\/2020\/05\/05\/afeitadoras-de-laminas-o-rotativas\/#primaryimage"},"thumbnailUrl":"https:\/\/kuken.es\/wp-content\/uploads\/2020\/03\/34093_1.jpg","articleSection":["Uncategorized"],"inLanguage":"de","potentialAction":[{"@type":"CommentAction","name":"Comment","target":["https:\/\/kuken.es\/blog\/2020\/05\/05\/afeitadoras-de-laminas-o-rotativas\/#respond"]}]},{"@type":"WebPage","@id":"https:\/\/kuken.es\/blog\/2020\/05\/05\/afeitadoras-de-laminas-o-rotativas\/","url":"https:\/\/kuken.es\/blog\/2020\/05\/05\/afeitadoras-de-laminas-o-rotativas\/","name":"Folien- oder Elektrorasierer 3w k\u00fcken premium - K\u00fcken","isPartOf":{"@id":"https:\/\/kuken.es\/#website"},"primaryImageOfPage":{"@id":"https:\/\/kuken.es\/blog\/2020\/05\/05\/afeitadoras-de-laminas-o-rotativas\/#primaryimage"},"image":{"@id":"https:\/\/kuken.es\/blog\/2020\/05\/05\/afeitadoras-de-laminas-o-rotativas\/#primaryimage"},"thumbnailUrl":"https:\/\/kuken.es\/wp-content\/uploads\/2020\/03\/34093_1.jpg","datePublished":"2020-05-05T06:52:16+00:00","description":"W\u00e4hlen Sie zwischen Folien- und Rotationsrasierern, je nachdem, was am besten zu Ihnen passt. Kuken hat den Rasierer, den Sie brauchen. Weitere Informationen in unserem Blog","breadcrumb":{"@id":"https:\/\/kuken.es\/blog\/2020\/05\/05\/afeitadoras-de-laminas-o-rotativas\/#breadcrumb"},"inLanguage":"de","potentialAction":[{"@type":"ReadAction","target":["https:\/\/kuken.es\/blog\/2020\/05\/05\/afeitadoras-de-laminas-o-rotativas\/"]}]},{"@type":"ImageObject","inLanguage":"de","@id":"https:\/\/kuken.es\/blog\/2020\/05\/05\/afeitadoras-de-laminas-o-rotativas\/#primaryimage","url":"https:\/\/kuken.es\/wp-content\/uploads\/2020\/03\/34093_1.jpg","contentUrl":"https:\/\/kuken.es\/wp-content\/uploads\/2020\/03\/34093_1.jpg","width":2000,"height":2000,"caption":"afeitadora-laminas-plana"},{"@type":"BreadcrumbList","@id":"https:\/\/kuken.es\/blog\/2020\/05\/05\/afeitadoras-de-laminas-o-rotativas\/#breadcrumb","itemListElement":[{"@type":"ListItem","position":1,"name":"Portada","item":"https:\/\/kuken.es\/"},{"@type":"ListItem","position":2,"name":"Afeitadoras de l\u00e1minas o rotativas 3w k\u00fcken premium"}]},{"@type":"WebSite","@id":"https:\/\/kuken.es\/#website","url":"https:\/\/kuken.es\/","name":"K\u00fcken","description":"Gro\u00dfe Auswahl an k\u00fcken Haushaltskleinger\u00e4ten","publisher":{"@id":"https:\/\/kuken.es\/#organization"},"potentialAction":[{"@type":"SearchAction","target":{"@type":"EntryPoint","urlTemplate":"https:\/\/kuken.es\/?s={search_term_string}"},"query-input":{"@type":"PropertyValueSpecification","valueRequired":true,"valueName":"search_term_string"}}],"inLanguage":"de"},{"@type":"Organization","@id":"https:\/\/kuken.es\/#organization","name":"Alpha Dyser","url":"https:\/\/kuken.es\/","logo":{"@type":"ImageObject","inLanguage":"de","@id":"https:\/\/kuken.es\/#\/schema\/logo\/image\/","url":"https:\/\/kuken.es\/wp-content\/uploads\/2019\/04\/kuken-logo.png","contentUrl":"https:\/\/kuken.es\/wp-content\/uploads\/2019\/04\/kuken-logo.png","width":500,"height":191,"caption":"Alfa Dyser"},"image":{"@id":"https:\/\/kuken.es\/#\/schema\/logo\/image\/"},"sameAs":["https:\/\/es-es.facebook.com\/alfadyser\/","https:\/\/www.instagram.com\/kuken_appliances\/"]},{"@type":"Person","@id":"https:\/\/kuken.es\/#\/schema\/person\/eff2331e8b66b14cf263fbffae5a0358","name":"Alpha Dyser","image":{"@type":"ImageObject","inLanguage":"de","@id":"https:\/\/kuken.es\/#\/schema\/person\/image\/","url":"https:\/\/secure.gravatar.com\/avatar\/8c9a2fbb059cc143a6cc9e1f366820a820fce0d0ad854661740e2ddff3bec5a9?s=96&d=mm&r=g","contentUrl":"https:\/\/secure.gravatar.com\/avatar\/8c9a2fbb059cc143a6cc9e1f366820a820fce0d0ad854661740e2ddff3bec5a9?s=96&d=mm&r=g","caption":"Alfa Dyser"},"url":"https:\/\/kuken.es\/de\/blog\/author\/alfa\/"}]}},"_links":{"self":[{"href":"https:\/\/kuken.es\/de\/wp-json\/wp\/v2\/posts\/4019","targetHints":{"allow":["GET"]}}],"collection":[{"href":"https:\/\/kuken.es\/de\/wp-json\/wp\/v2\/posts"}],"about":[{"href":"https:\/\/kuken.es\/de\/wp-json\/wp\/v2\/types\/post"}],"author":[{"embeddable":true,"href":"https:\/\/kuken.es\/de\/wp-json\/wp\/v2\/users\/4"}],"replies":[{"embeddable":true,"href":"https:\/\/kuken.es\/de\/wp-json\/wp\/v2\/comments?post=4019"}],"version-history":[{"count":0,"href":"https:\/\/kuken.es\/de\/wp-json\/wp\/v2\/posts\/4019\/revisions"}],"wp:featuredmedia":[{"embeddable":true,"href":"https:\/\/kuken.es\/de\/wp-json\/wp\/v2\/media\/4023"}],"wp:attachment":[{"href":"https:\/\/kuken.es\/de\/wp-json\/wp\/v2\/media?parent=4019"}],"wp:term":[{"taxonomy":"category","embeddable":true,"href":"https:\/\/kuken.es\/de\/wp-json\/wp\/v2\/categories?post=4019"},{"taxonomy":"post_tag","embeddable":true,"href":"https:\/\/kuken.es\/de\/wp-json\/wp\/v2\/tags?post=4019"}],"curies":[{"name":"wp","href":"https:\/\/api.w.org\/{rel}","templated":true}]}}